{"id":9274,"date":"2019-03-18T23:33:27","date_gmt":"2019-03-18T22:33:27","guid":{"rendered":"http:\/\/chlueppliseck.ch\/?p=9274"},"modified":"2019-03-18T23:33:28","modified_gmt":"2019-03-18T22:33:28","slug":"4-fasnachtsweekend","status":"publish","type":"post","link":"https:\/\/chlueppliseck.ch\/wordpress\/2019\/03\/18\/4-fasnachtsweekend\/","title":{"rendered":"4. Fasnachtsweekend"},"content":{"rendered":"\n<p>Wir waren dieses Wochenende zu Gast im Club Floor in Kloten, und an der Fasnacht in R\u00fcmlang&#8230;<\/p>\n<p>&nbsp;<\/p>\n<p><strong>Freitag 15. M\u00e4rz &#8211; Floor Club Kloten &#8211; Guggenfestival 5.0<\/strong><\/p>\n<p>Bevor es am Freitag los ging, versammelten sich ein grosser Teil der Chl\u00fcpplis bei SuLo&#8217;s Zuhause zu einem gem\u00fctlichen Spaghettiplausch und gemeinsames bepinseln&#8230;<\/p>\n<p>Vielen Dank an SuLo&#8217;s f\u00fcr die wieder einmal hervorragende Gastfreundschaft!<\/p>\n<p>Da SuLo&#8217;s sich ja dazu entschieden haben Ende dieser Saison &#8222;alt&#8220; zu werden, und die Gugge zu verlassen, durften wir nochmals mit und bei Ihnen eine sch\u00f6ne \u00dcbernachtung mit Abendessen und Fr\u00fchst\u00fccksservice geniessen&#8230;<\/p>\n<p>Man m\u00f6ge sich nun vorstellen, wie das ganze wird wenn SuLo&#8217;s sich n\u00e4chste Saison vollends auf die Gastgeberschaft konzentrieren k\u00f6nnen!&nbsp;<\/p>\n<p>(5-G\u00e4nge Men\u00fc \/ Fr\u00fchst\u00fcck ans Bett \/ Dusch-Wasch-Malservice &#8211; Hach Herrlich! Unsere Zukunft) \ud83d\ude0d\ud83e\udd23\ud83d\ude1c\ud83d\ude0e<\/p>\n<p>Am Freitag Abend war wir zu Gast im Floor Club in Kloten, wo eigentlich immer eine gute Stimmung herrscht, leider ist der Einlass in den Club viel zu kompliziert gestaltet, und jedes mal ein richtiges durcheinander \ud83d\ude13<\/p>\n<p>Es w\u00e4re zwar sch\u00f6n angeschrieben gewesen, wer sich wo einreihen sollte, und auch die T\u00fcr\u00f6ffnung war auf 21:00 Uhr angesetzt. Um 21:20 Uhr durften wir dann endlich rein, doch erst nachdem alle Leute wieder R\u00fcckw\u00e4rts aus der Warteschlange raus mussten, und wir Guggenmusiker die Linie wechseln mussten. Hier bekommt der Club wie vor 2 Jahren schlechte Noten!<\/p>\n<p>Naja, erstmal drin stieg die Stimmung dann relativ schnell wieder. Bis zum ersten Bier &#8211; Oder Sp\u00fclwasser? Offen Bier scheint wohl niemand zu trinken im Club oder es sind einfach alle so besoffen, das Sie nicht mehr merken was f\u00fcr eine Br\u00fche Sie da trinken&#8230; Zum Gl\u00fcck gibt&#8217;s auch Flaschenbier *zzzziiisccchhhh* Herrlich! Die restlichen Getr\u00e4nke war glaub ich ganz ok. Konnte man sich zwar mit einem normalen Lohn nicht leisten aber tja, wir sind wohl nahe an Z\u00fcrich.<\/p>\n<p>(Oder die Clubs sind Generell teurer geworden und ich einfach alt&#8230;)<\/p>\n<p>Die erste Gugge war nun an der Reihe, die Akustik im Floor immer Super! Die Leute machten mit, und die Party kam in Gange&#8230;<\/p>\n<p>Auch wir durften dann unsere Musikalischen F\u00e4higkeiten unter Beweis stellen, wir spielten mit Vollgas auf, die Stimmung Super!&nbsp;<\/p>\n<p>&#8222;Schwingi @ Floor Club Kloten&#8220; mit Solo-Star Player H\u00e4nggi:<\/p>\n<div style=\"width: 640px;\" class=\"wp-video\"><video class=\"wp-video-shortcode\" id=\"video-9274-1\" width=\"640\" height=\"352\" preload=\"metadata\" controls=\"controls\"><source type=\"video\/mp4\" src=\"https:\/\/chlueppliseck.ch\/wordpress\/wp-content\/uploads\/2019\/03\/Schwingi-@-Floor-Club-Kloten-2019.mp4?_=1\" \/><a href=\"https:\/\/chlueppliseck.ch\/wordpress\/wp-content\/uploads\/2019\/03\/Schwingi-@-Floor-Club-Kloten-2019.mp4\">https:\/\/chlueppliseck.ch\/wordpress\/wp-content\/uploads\/2019\/03\/Schwingi-@-Floor-Club-Kloten-2019.mp4<\/a><\/video><\/div>\n<p>&nbsp;<\/p>\n<p>Wir feierten nach unserem Auftritt nat\u00fcrlich noch weiter, und blieben biss die letzte Gugge Ihren Auftritt hatte. W\u00e4ren wir nicht geblieben, w\u00e4ren nicht mehr viele Leute da gewesen. Schade&#8230;<\/p>\n<p>Fazit: Coole Location jedoch weniger Leute als vor zwei Jahren&#8230; Im Fumoir war mehr los, also vor allem mehr Handy Aktivit\u00e4t&#8230; Geht man heute so in den Ausgang?&nbsp;<\/p>\n<p>Noch ein paar Bilder -&gt; Volle Auswahl in der Galerie&#8230;<\/p>\n<p><a href=\"https:\/\/i0.wp.com\/chlueppliseck.ch\/wordpress\/wp-content\/gallery\/weekend-kloten-ruemlang-2019\/IMG-20190316-WA0047.jpg?ssl=1\"><img data-recalc-dims=\"1\" loading=\"lazy\" decoding=\"async\" width=\"465\" height=\"350\" class=\"alignnone\" alt=\"\" src=\"https:\/\/i0.wp.com\/chlueppliseck.ch\/wordpress\/wp-content\/gallery\/weekend-kloten-ruemlang-2019\/IMG-20190316-WA0047.jpg?resize=465%2C350&#038;ssl=1\"><\/a><\/p>\n<p><a href=\"https:\/\/i0.wp.com\/chlueppliseck.ch\/wordpress\/wp-content\/gallery\/weekend-kloten-ruemlang-2019\/1552887301_img_0217.jpg?ssl=1\"><img data-recalc-dims=\"1\" loading=\"lazy\" decoding=\"async\" width=\"465\" height=\"350\" class=\"alignnone\" alt=\"\" src=\"https:\/\/i0.wp.com\/chlueppliseck.ch\/wordpress\/wp-content\/gallery\/weekend-kloten-ruemlang-2019\/1552887301_img_0217.jpg?resize=465%2C350&#038;ssl=1\"><\/a><\/p>\n<p><a href=\"https:\/\/i0.wp.com\/chlueppliseck.ch\/wordpress\/wp-content\/gallery\/weekend-kloten-ruemlang-2019\/IMG_20190316_010907.jpg?ssl=1\"><img data-recalc-dims=\"1\" loading=\"lazy\" decoding=\"async\" width=\"263\" height=\"350\" class=\"alignnone\" alt=\"\" src=\"https:\/\/i0.wp.com\/chlueppliseck.ch\/wordpress\/wp-content\/gallery\/weekend-kloten-ruemlang-2019\/IMG_20190316_010907.jpg?resize=263%2C350&#038;ssl=1\"><\/a><\/p>\n<p>&nbsp;<\/p>\n<p>&nbsp;<\/p>\n<hr>\n<p><strong>Samstag 16. M\u00e4rz &#8211; Fasnacht R\u00fcmlang &#8211; Motto: Zirkus<\/strong><\/p>\n<p>Nach einem ausgedehnten Fr\u00fchst\u00fcck bei SuLo&#8217;s (Siehe oben) , ging es dann f\u00fcr die einen schon fr\u00fch am Samstag Nachmittag nach R\u00fcmlang&#8230; Ein sch\u00f6ner Kiesplatz und pr\u00e4chtiges fast Fr\u00fchlingshaftes Wetter luden ein um zu Campieren, fleissige Chl\u00fcppli-Fans wissen ja, das wir fast Zigeuner sind w\u00e4hrend der Guggensaison\u2026.<\/p>\n<p><a href=\"https:\/\/i0.wp.com\/chlueppliseck.ch\/wordpress\/wp-content\/gallery\/weekend-kloten-ruemlang-2019\/IMG-20190316-WA0021.jpg?ssl=1\"><img data-recalc-dims=\"1\" loading=\"lazy\" decoding=\"async\" width=\"263\" height=\"350\" class=\"alignnone\" alt=\"\" src=\"https:\/\/i0.wp.com\/chlueppliseck.ch\/wordpress\/wp-content\/gallery\/weekend-kloten-ruemlang-2019\/IMG-20190316-WA0021.jpg?resize=263%2C350&#038;ssl=1\"><\/a><\/p>\n<p>Bevor es jedoch an den Auftritt in den Gemeindesaal von R\u00fcmlang ging, machten 2 Chl\u00fcppli-Mietzekatzen noch ein Fitness Training&#8230;<\/p>\n<p><a href=\"https:\/\/i0.wp.com\/chlueppliseck.ch\/wordpress\/wp-content\/gallery\/weekend-kloten-ruemlang-2019\/IMG-20190316-WA0035.jpg?ssl=1\"><img data-recalc-dims=\"1\" loading=\"lazy\" decoding=\"async\" width=\"465\" height=\"350\" class=\"alignnone\" alt=\"\" src=\"https:\/\/i0.wp.com\/chlueppliseck.ch\/wordpress\/wp-content\/gallery\/weekend-kloten-ruemlang-2019\/IMG-20190316-WA0035.jpg?resize=465%2C350&#038;ssl=1\"><\/a><\/p>\n<p>Hier die Videosequenz dazu:<\/p>\n<p><img data-recalc-dims=\"1\" loading=\"lazy\" decoding=\"async\" width=\"376\" height=\"376\" alt=\"Spider Kitten GIF - SpiderCat Cat Kitten GIFs\" src=\"https:\/\/i0.wp.com\/media1.tenor.com\/images\/55ab3d13973ce13384fac074ee63e3e1\/tenor.gif?resize=376%2C376&#038;ssl=1\"><\/p>\n<p>Niedlich nicht? &#8211; \u00c4hmm ja weiter geht&#8217;s&#8230;<\/p>\n<p>&nbsp;<\/p>\n<p>Der Maskenball in R\u00fcmlang war nicht schlecht besucht, vor allem waren fast alle anwesenden Verkleidet! Gef\u00e4llt uns&#8230;<\/p>\n<p>Die trockene Luft in diesem Keller mit welcher wir schon das letzte mal zu k\u00e4mpfen hatten, konnte unseren Auftritt jedoch nicht bremsen! Stimmung Top, so macht es Spass&#8230;&nbsp;<\/p>\n<p><a href=\"https:\/\/i0.wp.com\/chlueppliseck.ch\/wordpress\/wp-content\/gallery\/weekend-kloten-ruemlang-2019\/1552888226_img_0270.jpg?ssl=1\"><img data-recalc-dims=\"1\" loading=\"lazy\" decoding=\"async\" width=\"465\" height=\"350\" class=\"alignnone\" alt=\"\" src=\"https:\/\/i0.wp.com\/chlueppliseck.ch\/wordpress\/wp-content\/gallery\/weekend-kloten-ruemlang-2019\/1552888226_img_0270.jpg?resize=465%2C350&#038;ssl=1\"><\/a><\/p>\n<p>Es wurde nach dem Auftritt gefeiert was das Zeug hielt!&nbsp;<\/p>\n<p><a href=\"https:\/\/i0.wp.com\/chlueppliseck.ch\/wordpress\/wp-content\/gallery\/weekend-kloten-ruemlang-2019\/IMG-20190317-WA0009.jpg?ssl=1\"><img data-recalc-dims=\"1\" loading=\"lazy\" decoding=\"async\" width=\"263\" height=\"350\" class=\"alignnone\" alt=\"\" src=\"https:\/\/i0.wp.com\/chlueppliseck.ch\/wordpress\/wp-content\/gallery\/weekend-kloten-ruemlang-2019\/IMG-20190317-WA0009.jpg?resize=263%2C350&#038;ssl=1\"><\/a><\/p>\n<p><a href=\"https:\/\/i0.wp.com\/chlueppliseck.ch\/wordpress\/wp-content\/gallery\/weekend-kloten-ruemlang-2019\/IMG-20190317-WA0001.jpg?ssl=1\"><img data-recalc-dims=\"1\" loading=\"lazy\" decoding=\"async\" width=\"622\" height=\"351\" class=\"alignnone\" alt=\"\" src=\"https:\/\/i0.wp.com\/chlueppliseck.ch\/wordpress\/wp-content\/gallery\/weekend-kloten-ruemlang-2019\/IMG-20190317-WA0001.jpg?resize=622%2C351&#038;ssl=1\"><\/a><\/p>\n<p>Man munkelt auch das manche Chl\u00fcpplis den Samstag ein bisschen \u00fcbertrieben haben. Aber dank nahem Zugang zum Schlafgemach war dies auch kein Problem&#8230;&nbsp;<\/p>\n<p>Achja, so sieht es \u00fcbrigens aus, wenn ein Zebra zu sp\u00e4ter Nachtstunde von seiner Herde getrennt und alleingelassen wird&#8230;<\/p>\n<p><a href=\"https:\/\/i0.wp.com\/chlueppliseck.ch\/wordpress\/wp-content\/gallery\/weekend-kloten-ruemlang-2019\/IMG-20190317-WA0004.jpg?ssl=1\"><img data-recalc-dims=\"1\" loading=\"lazy\" decoding=\"async\" width=\"196\" height=\"348\" class=\"alignnone\" alt=\"\" src=\"https:\/\/i0.wp.com\/chlueppliseck.ch\/wordpress\/wp-content\/gallery\/weekend-kloten-ruemlang-2019\/IMG-20190317-WA0004.jpg?resize=196%2C348&#038;ssl=1\"><\/a><\/p>\n<p>Zum Gl\u00fcck waren die Tiger und Leoparden bereits schlafen, und das Zebra konnte gefahrlos den Anschluss an seine Herde finden&#8230;&nbsp;<\/p>\n<hr>\n<p><strong>Sonntag 17. M\u00e4rz Fasnacht R\u00fcmlang Umzug<\/strong><\/p>\n<p>Nach einem erholsamen Nickerchen&#8230; Ging es dann am Sonntag in R\u00fcmlang weiter&#8230; Der Umzug stand bevor&#8230;<\/p>\n<p>Nicht gerade ein kurzer Umzug, wie sich auf dem Weg zum Startpunkt herausstellte. Und zudem geht&#8217;s auch noch Bergauf&#8230; (WO bist du Umzugswagen!!!)<\/p>\n<p><a href=\"https:\/\/i0.wp.com\/chlueppliseck.ch\/wordpress\/wp-content\/gallery\/weekend-kloten-ruemlang-2019\/1552888243_img_0274.jpg?ssl=1\"><img data-recalc-dims=\"1\" loading=\"lazy\" decoding=\"async\" width=\"465\" height=\"350\" class=\"alignnone\" alt=\"\" src=\"https:\/\/i0.wp.com\/chlueppliseck.ch\/wordpress\/wp-content\/gallery\/weekend-kloten-ruemlang-2019\/1552888243_img_0274.jpg?resize=465%2C350&#038;ssl=1\"><\/a><\/p>\n<p>Den Umzug hatten wir mit Bravur in Angriff genommen, und die erste Steigung gemeistert, eingebogen in die Hauptstrasse, waren dann viele Besucher am Strassenrand. Sehr sch\u00f6n!<\/p>\n<p><a href=\"https:\/\/i0.wp.com\/chlueppliseck.ch\/wordpress\/wp-content\/gallery\/weekend-kloten-ruemlang-2019\/1552847820_776ca8f3_bfe8_4d15_894c_ec7ef38ca953.jpg?ssl=1\"><img data-recalc-dims=\"1\" loading=\"lazy\" decoding=\"async\" width=\"465\" height=\"350\" class=\"alignnone\" alt=\"\" src=\"https:\/\/i0.wp.com\/chlueppliseck.ch\/wordpress\/wp-content\/gallery\/weekend-kloten-ruemlang-2019\/1552847820_776ca8f3_bfe8_4d15_894c_ec7ef38ca953.jpg?resize=465%2C350&#038;ssl=1\"><\/a><\/p>\n<p>Motiviert von den vielen Leuten \u00fcbermannte unseren Schlagzeuger &#8222;Fritschi&#8220; sein Adrenalin&#8230; Er f\u00fchrt einen sogenannten Chuchi-Flickflack-\u00dcberschlag vor versammelten Publikum vor! Leider habe ich kein Bild davon, sah aber etwa so aus:<\/p>\n<ol>\n<li>Schritt:<img data-recalc-dims=\"1\" decoding=\"async\"   alt=\"Ready Cat GIF - Ready Cat Wiggle GIFs\" src=\"https:\/\/i0.wp.com\/media1.tenor.com\/images\/418c37507106f319bf5a1a3d1e8e1922\/tenor.gif?w=644&#038;ssl=1\"><\/li>\n<li>Schritt:<img data-recalc-dims=\"1\" decoding=\"async\"   alt=\"\u0e41\u0e21\u0e27\u0e01\u0e25\u0e34\u0e49\u0e07 \u0e21\u0e49\u0e27\u0e19\u0e15\u0e31\u0e27 GIF - CatRolling CatRoll CatSomersault GIFs\" src=\"https:\/\/i0.wp.com\/media1.tenor.com\/images\/8b3f3acbcb19a598399de137716fed6d\/tenor.gif?w=644&#038;ssl=1\"><\/li>\n<li>Schritt &#8211; Endpose:<img data-recalc-dims=\"1\" loading=\"lazy\" decoding=\"async\" width=\"529\" height=\"419\" alt=\"You Got It GIF - Cats CatsInBoxes Stuck GIFs\" src=\"https:\/\/i0.wp.com\/media1.tenor.com\/images\/b075e94a7ae4e1899982bdd060ce0305\/tenor.gif?resize=529%2C419&#038;ssl=1\"><\/li>\n<\/ol>\n<p>Danke Fritschi f\u00fcr diese Spontane Showeinlage!<\/p>\n<p>So weiter geht&#8217;s, zumindest sollte es, jedoch wurde wohl die Strasse zu Sp\u00e4t abgesperrt, und so stand der gesamte Umzug ca. 15min vor einer Strasse und es ging nicht weiter&#8230; Zum Gl\u00fcck hatte es keine Leute dort, sonst h\u00e4tten wir wohl weiterspielen m\u00fcssen&#8230;<\/p>\n<p>Nach dem Umzug, welcher \u00fcbrigens trocken \u00fcber die B\u00fchne ging, nahmen wir unsere wohlverdiente Umzugsverpflegung ein, bevor es dann an den letzten Auftritt in der Turnhalle ging&#8230;<\/p>\n<p>Hier muss ich nicht viel sagen, ich lasse lieber Videos sprechen:<\/p>\n<div style=\"width: 640px;\" class=\"wp-video\"><video class=\"wp-video-shortcode\" id=\"video-9274-2\" width=\"640\" height=\"352\" preload=\"metadata\" controls=\"controls\"><source type=\"video\/mp4\" src=\"https:\/\/chlueppliseck.ch\/wordpress\/wp-content\/uploads\/2019\/03\/Warum-hast-du-nicht-Nein-gesagt-@-Fasnacht-R\u00fcmlang-2019.mp4?_=2\" \/><a href=\"https:\/\/chlueppliseck.ch\/wordpress\/wp-content\/uploads\/2019\/03\/Warum-hast-du-nicht-Nein-gesagt-@-Fasnacht-R\u00fcmlang-2019.mp4\">https:\/\/chlueppliseck.ch\/wordpress\/wp-content\/uploads\/2019\/03\/Warum-hast-du-nicht-Nein-gesagt-@-Fasnacht-R\u00fcmlang-2019.mp4<\/a><\/video><\/div>\n<div style=\"width: 640px;\" class=\"wp-video\"><video class=\"wp-video-shortcode\" id=\"video-9274-3\" width=\"640\" height=\"352\" preload=\"metadata\" controls=\"controls\"><source type=\"video\/mp4\" src=\"https:\/\/chlueppliseck.ch\/wordpress\/wp-content\/uploads\/2019\/03\/Tornero-@-Fasnacht-R\u00fcmlang-2019.mp4?_=3\" \/><a href=\"https:\/\/chlueppliseck.ch\/wordpress\/wp-content\/uploads\/2019\/03\/Tornero-@-Fasnacht-R\u00fcmlang-2019.mp4\">https:\/\/chlueppliseck.ch\/wordpress\/wp-content\/uploads\/2019\/03\/Tornero-@-Fasnacht-R\u00fcmlang-2019.mp4<\/a><\/video><\/div>\n<p>Und das wars auch schon wieder&#8230;.<\/p>\n<p>N\u00e4chstes und letztes Wochenende das ansteht ist in Rorbas!&nbsp;<\/p>\n<p>Maskenball am Samstag \/ Umzug am Sonntag es wird ein Fest&#8230;<\/p>\n<p>&nbsp;<\/p>\n<p>Wir freuen uns auf euch&#8230;<\/p>\n<p>Eure Chl\u00fcpplis<\/p>\n","protected":false},"excerpt":{"rendered":"<p>Zu Gast im Floor Kloten und an der Fasnacht in R\u00fcmlang&#8230; <\/p>\n","protected":false},"author":50,"featured_media":0,"comment_status":"open","ping_status":"open","sticky":false,"template":"","format":"standard","meta":{"ngg_post_thumbnail":0,"_jetpack_memberships_contains_paid_content":false,"footnotes":""},"categories":[1],"tags":[],"class_list":["post-9274","post","type-post","status-publish","format-standard","hentry","category-uncategorized"],"jetpack_featured_media_url":"","jetpack_sharing_enabled":true,"_links":{"self":[{"href":"https:\/\/chlueppliseck.ch\/wordpress\/wp-json\/wp\/v2\/posts\/9274","targetHints":{"allow":["GET"]}}],"collection":[{"href":"https:\/\/chlueppliseck.ch\/wordpress\/wp-json\/wp\/v2\/posts"}],"about":[{"href":"https:\/\/chlueppliseck.ch\/wordpress\/wp-json\/wp\/v2\/types\/post"}],"author":[{"embeddable":true,"href":"https:\/\/chlueppliseck.ch\/wordpress\/wp-json\/wp\/v2\/users\/50"}],"replies":[{"embeddable":true,"href":"https:\/\/chlueppliseck.ch\/wordpress\/wp-json\/wp\/v2\/comments?post=9274"}],"version-history":[{"count":8,"href":"https:\/\/chlueppliseck.ch\/wordpress\/wp-json\/wp\/v2\/posts\/9274\/revisions"}],"predecessor-version":[{"id":9457,"href":"https:\/\/chlueppliseck.ch\/wordpress\/wp-json\/wp\/v2\/posts\/9274\/revisions\/9457"}],"wp:attachment":[{"href":"https:\/\/chlueppliseck.ch\/wordpress\/wp-json\/wp\/v2\/media?parent=9274"}],"wp:term":[{"taxonomy":"category","embeddable":true,"href":"https:\/\/chlueppliseck.ch\/wordpress\/wp-json\/wp\/v2\/categories?post=9274"},{"taxonomy":"post_tag","embeddable":true,"href":"https:\/\/chlueppliseck.ch\/wordpress\/wp-json\/wp\/v2\/tags?post=9274"}],"curies":[{"name":"wp","href":"https:\/\/api.w.org\/{rel}","templated":true}]}}