{"id":5189,"date":"2019-02-03T22:36:40","date_gmt":"2019-02-03T21:36:40","guid":{"rendered":"http:\/\/chlueppliseck.ch\/?p=5189"},"modified":"2019-02-04T11:26:04","modified_gmt":"2019-02-04T10:26:04","slug":"1-fasnachtsweekend-2019","status":"publish","type":"post","link":"https:\/\/chlueppliseck.ch\/wordpress\/2019\/02\/03\/1-fasnachtsweekend-2019\/","title":{"rendered":"1. Fasnachtsweekend 2019"},"content":{"rendered":"\n<p>&nbsp;<\/p>\n<h3 style=\"text-align: center;\">Samstag 02.02.2019 &#8211;<\/h3>\n<h3 style=\"text-align: center;\">Fasnacht in Buchs ZH Kinderumzug \/ Fasnachtsparty<\/h3>\n<p>&nbsp;<\/p>\n\n\n\n<p>Nun ist es also endlich so weit! Unser erstes Fasnachtsweekend stand vor der T\u00fcr&#8230;&nbsp;<\/p>\n<p>Alle waren hibbelig und konnten kaum schlafen, so aufgeregt waren wir endlich in die Saison starten zu d\u00fcrfen.<\/p>\n<p>Das erste mal in neuen Gw\u00e4ndli! Das ist immer wieder ein aufregender Moment!<\/p>\n<p>Dieses Jahr stehen wir unter dem Motto: &#8222;Tierisch gut drauf&#8230;&#8220;<\/p>\n<p><!--more--><\/p>\n<p>Das Motto kann und darf man ruhig wortw\u00f6rtlich nehmen!&nbsp;<\/p>\n<p>Um 12:00 Uhr trafen wir uns in Buchs ZH um vor dem Kinderumzug noch ein paar Fotos zu schiessen, schliesslich brauchen wir neues Bildmaterial um die neue Homepage auch ordentlich zu f\u00fcllen.<\/p>\n<p>Schon beim zusammentreffen, herrschte reger Meinungsaustausch zwischen den Chl\u00fcpplis, an jeder und jedem gab es coole und liebevoll gestaltete Details. Hier sieht man das jeder Chl\u00fcppli mit vollem Elan sein Gw\u00e4ndli selbst zusammengeschustert hat. Von extravaganten Ausschm\u00fcckungen \u00fcber Tierische-Gef\u00e4hrten bis hin zur fahrbaren Tierbar! Einfach tierisch Cool!<\/p>\n<p><br><img data-recalc-dims=\"1\" loading=\"lazy\" decoding=\"async\" width=\"644\" height=\"277\" class=\"aligncenter size-large wp-image-5201\" alt=\"\" src=\"https:\/\/i0.wp.com\/chlueppliseck.ch\/wordpress\/wp-content\/uploads\/2019\/02\/Gruppenfoto-2019-Tierisch-gut-drauf....jpg?resize=644%2C277&#038;ssl=1\" srcset=\"https:\/\/i0.wp.com\/chlueppliseck.ch\/wordpress\/wp-content\/uploads\/2019\/02\/Gruppenfoto-2019-Tierisch-gut-drauf....jpg?resize=644%2C277&amp;ssl=1 644w, https:\/\/i0.wp.com\/chlueppliseck.ch\/wordpress\/wp-content\/uploads\/2019\/02\/Gruppenfoto-2019-Tierisch-gut-drauf....jpg?resize=300%2C129&amp;ssl=1 300w, https:\/\/i0.wp.com\/chlueppliseck.ch\/wordpress\/wp-content\/uploads\/2019\/02\/Gruppenfoto-2019-Tierisch-gut-drauf....jpg?resize=600%2C258&amp;ssl=1 600w, https:\/\/i0.wp.com\/chlueppliseck.ch\/wordpress\/wp-content\/uploads\/2019\/02\/Gruppenfoto-2019-Tierisch-gut-drauf....jpg?resize=768%2C331&amp;ssl=1 768w, https:\/\/i0.wp.com\/chlueppliseck.ch\/wordpress\/wp-content\/uploads\/2019\/02\/Gruppenfoto-2019-Tierisch-gut-drauf....jpg?w=2048&amp;ssl=1 2048w, https:\/\/i0.wp.com\/chlueppliseck.ch\/wordpress\/wp-content\/uploads\/2019\/02\/Gruppenfoto-2019-Tierisch-gut-drauf....jpg?w=1288&amp;ssl=1 1288w, https:\/\/i0.wp.com\/chlueppliseck.ch\/wordpress\/wp-content\/uploads\/2019\/02\/Gruppenfoto-2019-Tierisch-gut-drauf....jpg?w=1932&amp;ssl=1 1932w\" sizes=\"auto, (max-width: 644px) 100vw, 644px\" \/><\/p>\n<p>Nach dem Fotoshooting, gings dann los&#8230;<\/p>\n<p>Um 14:00 Uhr ging der Kinderfasnachtsumzug mit den Chl\u00fcpplis in Front los&#8230; Die Strassen waren leider mehrheitlich leer, erst im Dorfkern gab es dann doch noch ein paar Zuschauer, diesen zeigten wir mit Freude unsere spielerischen F\u00e4higkeiten. Rund um uns sammelten sich dann die Leute und marschierten zusammen mit uns zum Gemeindesaal in Buchs wo die Party dann weiter ging&#8230;&nbsp;<\/p>\n<p><br><img data-recalc-dims=\"1\" loading=\"lazy\" decoding=\"async\" width=\"644\" height=\"483\" class=\"aligncenter size-large wp-image-5203\" alt=\"\" src=\"https:\/\/i0.wp.com\/chlueppliseck.ch\/wordpress\/wp-content\/uploads\/2019\/02\/P1170704.jpg?resize=644%2C483&#038;ssl=1\" srcset=\"https:\/\/i0.wp.com\/chlueppliseck.ch\/wordpress\/wp-content\/uploads\/2019\/02\/P1170704.jpg?resize=644%2C483&amp;ssl=1 644w, https:\/\/i0.wp.com\/chlueppliseck.ch\/wordpress\/wp-content\/uploads\/2019\/02\/P1170704.jpg?resize=300%2C225&amp;ssl=1 300w, https:\/\/i0.wp.com\/chlueppliseck.ch\/wordpress\/wp-content\/uploads\/2019\/02\/P1170704.jpg?resize=600%2C450&amp;ssl=1 600w, https:\/\/i0.wp.com\/chlueppliseck.ch\/wordpress\/wp-content\/uploads\/2019\/02\/P1170704.jpg?resize=768%2C576&amp;ssl=1 768w, https:\/\/i0.wp.com\/chlueppliseck.ch\/wordpress\/wp-content\/uploads\/2019\/02\/P1170704.jpg?w=1200&amp;ssl=1 1200w\" sizes=\"auto, (max-width: 644px) 100vw, 644px\" \/><\/p>\n<p>Nach dem Umzug gabs feine Verpflegung, und das eine&nbsp; oder andere Bier\/Fr\u00f6schli\/Prosseco etc.&nbsp; Gest\u00e4rkt durften wir dann im Saal nochmals auftreten um die die Party in Gang zu bringen.<\/p>\n<p>Nach dem Auftritt hiess es dislozieren um im Rest. Frohsinn unser Abendmahl einzunehmen. Sch\u00f6n wie ruhig es ist sobald alle Chl\u00fcpplis was zu schnabulieren haben.&nbsp;\ud83e\udd69<\/p>\n<p>&nbsp;Nach dem Essen ein kurzes Nickerchen f\u00fcr den einen oder anderen, und weiter gings&#8230;<\/p>\n<p>Wieder im Gemeindesaal angekommen ging so langsam die Fasnachtsparty in Buchs los&#8230; Leider waren zu beginn nur eine Handvoll Leute auf der Party. Die erste Guggenmusik spielte auf und die Stimmung im Saal kam schon bald auf.&nbsp; Auch der DJ gab sein bestes! Die Musik war gut sogar richtig gut! Um 23:00 Uhr war dann unsere Zeit f\u00fcr den Auftritt, mittlerweile waren auch ein paar Leute mehr dazugekommen. Egal wie wenige Leute da sind, wenn wir einen Auftritt haben, geben wir unser bestes. Die Stimmung wurde w\u00e4hrend unseres Auftrittes richtig gut &#8211; Die Leute hatten Spass und waren von unserem Auftritt begeistert.<\/p>\n<p><br><br><img data-recalc-dims=\"1\" loading=\"lazy\" decoding=\"async\" width=\"644\" height=\"483\" class=\"aligncenter size-large wp-image-5204\" alt=\"\" src=\"https:\/\/i0.wp.com\/chlueppliseck.ch\/wordpress\/wp-content\/uploads\/2019\/02\/P1170768.jpg?resize=644%2C483&#038;ssl=1\" srcset=\"https:\/\/i0.wp.com\/chlueppliseck.ch\/wordpress\/wp-content\/uploads\/2019\/02\/P1170768.jpg?resize=644%2C483&amp;ssl=1 644w, https:\/\/i0.wp.com\/chlueppliseck.ch\/wordpress\/wp-content\/uploads\/2019\/02\/P1170768.jpg?resize=300%2C225&amp;ssl=1 300w, https:\/\/i0.wp.com\/chlueppliseck.ch\/wordpress\/wp-content\/uploads\/2019\/02\/P1170768.jpg?resize=600%2C450&amp;ssl=1 600w, https:\/\/i0.wp.com\/chlueppliseck.ch\/wordpress\/wp-content\/uploads\/2019\/02\/P1170768.jpg?resize=768%2C576&amp;ssl=1 768w, https:\/\/i0.wp.com\/chlueppliseck.ch\/wordpress\/wp-content\/uploads\/2019\/02\/P1170768.jpg?w=1200&amp;ssl=1 1200w\" sizes=\"auto, (max-width: 644px) 100vw, 644px\" \/><\/p>\n<p>\ud83c\udfba\ud83e\udd41<\/p>\n<p>Nach dem Auftritt verweilten wir noch ein bisschen auf der Party und konnten uns mit anderen Guggern austauschen.<\/p>\n\n\n\n<hr class=\"wp-block-separator\"\/>\n\n\n\n<h3 style=\"text-align: center;\">Sonntag 03.02.2019 \u2013<\/h3>\n<h3 style=\"text-align: center;\">Kinderfasnacht Kloten<\/h3>\n\n\n\n<p style=\"text-align: center;\">Am Sonntag ging es dann gleich weiter&#8230; Die Kinderfasnacht in Kloten stand auf dem Programm, sozusagen unsere Heimfasnacht.<\/p>\n<p>Dieses Jahr fand die Kinderfasnacht das erste mal unter der neuen Leitung des VFK (Verein Freiwillige Kloten) statt.&nbsp;<\/p>\n<p>Alles lief reibungslos der Schluefwegsaal f\u00fcllte sich p\u00fcnktlich um 13:30 Uhr, vielleicht ein paar Leute weniger als letztes Jahr aber trotzdem noch gut besucht.<\/p>\n<p><img data-recalc-dims=\"1\" loading=\"lazy\" decoding=\"async\" width=\"644\" height=\"483\" class=\"aligncenter wp-image-5205 size-large\" alt=\"\" src=\"https:\/\/i0.wp.com\/chlueppliseck.ch\/wordpress\/wp-content\/uploads\/2019\/02\/1980B85B-696F-4E19-A2DF-C4012A25FF02-e1549275957557-644x483.jpeg?resize=644%2C483&#038;ssl=1\" srcset=\"https:\/\/i0.wp.com\/chlueppliseck.ch\/wordpress\/wp-content\/uploads\/2019\/02\/1980B85B-696F-4E19-A2DF-C4012A25FF02-e1549275957557.jpeg?resize=644%2C483&amp;ssl=1 644w, https:\/\/i0.wp.com\/chlueppliseck.ch\/wordpress\/wp-content\/uploads\/2019\/02\/1980B85B-696F-4E19-A2DF-C4012A25FF02-e1549275957557.jpeg?resize=300%2C225&amp;ssl=1 300w, https:\/\/i0.wp.com\/chlueppliseck.ch\/wordpress\/wp-content\/uploads\/2019\/02\/1980B85B-696F-4E19-A2DF-C4012A25FF02-e1549275957557.jpeg?resize=600%2C450&amp;ssl=1 600w, https:\/\/i0.wp.com\/chlueppliseck.ch\/wordpress\/wp-content\/uploads\/2019\/02\/1980B85B-696F-4E19-A2DF-C4012A25FF02-e1549275957557.jpeg?resize=768%2C576&amp;ssl=1 768w, https:\/\/i0.wp.com\/chlueppliseck.ch\/wordpress\/wp-content\/uploads\/2019\/02\/1980B85B-696F-4E19-A2DF-C4012A25FF02-e1549275957557.jpeg?w=2048&amp;ssl=1 2048w, https:\/\/i0.wp.com\/chlueppliseck.ch\/wordpress\/wp-content\/uploads\/2019\/02\/1980B85B-696F-4E19-A2DF-C4012A25FF02-e1549275957557.jpeg?w=1288&amp;ssl=1 1288w, https:\/\/i0.wp.com\/chlueppliseck.ch\/wordpress\/wp-content\/uploads\/2019\/02\/1980B85B-696F-4E19-A2DF-C4012A25FF02-e1549275957557.jpeg?w=1932&amp;ssl=1 1932w\" sizes=\"auto, (max-width: 644px) 100vw, 644px\" \/><\/p>\n<p>Um 14:00 Uhr durften wir das erste mal auf die B\u00fchne und heizten dem Publikum ein. Es war wiedereinmal ziemlich warm im Schluefsaal und dank unseren neuen Gw\u00e4ndli ging die W\u00e4rme um Faktor 10 rauf. Wie Sauna \ud83d\ude42 Soll Gesund sein &#8211; Also weitermachen&#8230;<\/p>\n<p>Es ist immer sch\u00f6n zu sehen wie die Kinder so richtig Freude haben an den Konfettis dem Verkleiden und der Musik!&nbsp;<\/p>\n<p>Beim 2. Auftritt gaben wir nochmals so richtig Gas &#8211; Unsere neuen St\u00fcckli kommen gut an bei den Leuten &#8211; *Huh* gl\u00fcckt gehabt!<\/p>\n<p>Nach dem letzten Auftritt ging es dann schon bald ans Aufr\u00e4umen &#8211; Wie immer dank gemeinsamen helfen mit den anderen mitwirkenden an der Kinderfasnacht gings ziemlich fix. Wir haben uns ein Abendessen verdient, dieses durften wir im Restaurant im Schluefweg einnehmen. Vielen Dank!<\/p>\n<p>Die Fotos von diesem Weekend werden nach und nach auf unsere HP geladen. Seit gespannt und klickt euch durch&#8230;<\/p>\n<p>So, das wars auch schon wieder&#8230; Wir werden jetzt noch ein bisschen weiterproben, damit wir dann Anfangs M\u00e4rz f\u00fcr unser grosses \u00d6sterreich Weekend bereit sind!<\/p>\n<p>http:\/\/chlueppliseck.ch\/Veranstaltung\/chluepplis-meets-austria\/?instance_id=24<\/p>\n<p>&nbsp;<\/p>\n<p>Danke und bis bald eure Chl\u00fcpplis&#8230;<\/p>\n<p>&nbsp;<\/p>\n<p>&nbsp;<\/p>\n","protected":false},"excerpt":{"rendered":"<p>&nbsp; Samstag 02.02.2019 &#8211; Fasnacht in Buchs ZH Kinderumzug \/ Fasnachtsparty &nbsp; Nun ist es also endlich so weit! Unser erstes Fasnachtsweekend stand vor der T\u00fcr&#8230;&nbsp; Alle waren hibbelig und konnten kaum schlafen, so aufgeregt waren wir endlich in die Saison starten zu d\u00fcrfen. Das erste mal in neuen Gw\u00e4ndli! Das ist immer wieder ein&#8230;<\/p>\n","protected":false},"author":50,"featured_media":0,"comment_status":"open","ping_status":"open","sticky":false,"template":"","format":"standard","meta":{"ngg_post_thumbnail":0,"_jetpack_memberships_contains_paid_content":false,"footnotes":""},"categories":[1],"tags":[],"class_list":["post-5189","post","type-post","status-publish","format-standard","hentry","category-uncategorized"],"jetpack_featured_media_url":"","jetpack_sharing_enabled":true,"_links":{"self":[{"href":"https:\/\/chlueppliseck.ch\/wordpress\/wp-json\/wp\/v2\/posts\/5189","targetHints":{"allow":["GET"]}}],"collection":[{"href":"https:\/\/chlueppliseck.ch\/wordpress\/wp-json\/wp\/v2\/posts"}],"about":[{"href":"https:\/\/chlueppliseck.ch\/wordpress\/wp-json\/wp\/v2\/types\/post"}],"author":[{"embeddable":true,"href":"https:\/\/chlueppliseck.ch\/wordpress\/wp-json\/wp\/v2\/users\/50"}],"replies":[{"embeddable":true,"href":"https:\/\/chlueppliseck.ch\/wordpress\/wp-json\/wp\/v2\/comments?post=5189"}],"version-history":[{"count":21,"href":"https:\/\/chlueppliseck.ch\/wordpress\/wp-json\/wp\/v2\/posts\/5189\/revisions"}],"predecessor-version":[{"id":5374,"href":"https:\/\/chlueppliseck.ch\/wordpress\/wp-json\/wp\/v2\/posts\/5189\/revisions\/5374"}],"wp:attachment":[{"href":"https:\/\/chlueppliseck.ch\/wordpress\/wp-json\/wp\/v2\/media?parent=5189"}],"wp:term":[{"taxonomy":"category","embeddable":true,"href":"https:\/\/chlueppliseck.ch\/wordpress\/wp-json\/wp\/v2\/categories?post=5189"},{"taxonomy":"post_tag","embeddable":true,"href":"https:\/\/chlueppliseck.ch\/wordpress\/wp-json\/wp\/v2\/tags?post=5189"}],"curies":[{"name":"wp","href":"https:\/\/api.w.org\/{rel}","templated":true}]}}