{"id":16079,"date":"2026-03-04T18:23:26","date_gmt":"2026-03-04T17:23:26","guid":{"rendered":"https:\/\/chlueppliseck.ch\/wordpress\/?p=16079"},"modified":"2026-03-04T18:36:22","modified_gmt":"2026-03-04T17:36:22","slug":"muenchenbuchsee-2026","status":"publish","type":"post","link":"https:\/\/chlueppliseck.ch\/wordpress\/2026\/03\/04\/muenchenbuchsee-2026\/","title":{"rendered":"M\u00fcnchenbuchsee 2026"},"content":{"rendered":"\n<p>Das Wuchenend hend mir d\u00f6rfe z&#8217;Buchsi z&#8217;Gast sii. De Ersti Treffpunkt vom Tag; d&#8217;Truppeunterkunft. Di eine Chl\u00fcpplis mit ihrne Bumscontainer, di andere ohni mobili Unterkunft.&nbsp;<\/p>\n<p>Wo denn de Tom i sim flitzige rote Smart um d&#8217;Kurve gflitzt isch, hend mer endlich ch\u00f6ne euses F\u00fc\u00fcf-Stern-Masselager go rekognosziere&#8230; &#8211; und ja wie s\u00f6llemer sege.. hauptsach es isch suuber oder? Im Vorfeld isch eus ufgfalle, dass die Halle doch echli wiit weg vo eusem Schlafplatz isch und mer eigentlich kei Ahnig hend, wie mer s\u00f6lled d\u00f6t here cho. z&#8217;Fuess? NEEEII, mer laufed doch keini 25 Minute mit Sack und Pack. Mit Helikopter? Mer sind leider ke riichi Gugge..&nbsp;<\/p>\n<p>&#8230;AAAAHH ja genau, d&#8217;Staaaaaaaaner Schr\u00e4nzer hend ja en Car. Guet- Abcheckt, d&#8217;Chl\u00fcppli hend Platz &#8211; det wird mitgfahre. Nume d&#8217;Instrument hemmer irgendwie no m\u00fcesse det here bringe &#8211; zum Gl\u00fcck het sich de Muckel und Andrea bereit erchl\u00e4rt, das mit em Papamobil det here z&#8217;charre.. Danke eu zwei!!&nbsp;<\/p>\n<p>Aber halt.. wo isch d&#8217;Trumpete vom Muckel?? Genau &#8211; no Dehei. Toll. Danke f\u00fcr n\u00fct w\u00fcrd de D\u00f6lf jetzt sege. Also fr\u00f6gemer doch mal bi eusere neue Kollegegugge nah. Und Uups, det het au en Held vo de Staaner sini Guuge n\u00f6d debii.. und was jetzt?&nbsp;<\/p>\n<p>Ide Halle acho, ischs denn Ziit f\u00fcr de Znacht gsii. Mir sind mit Pasta und diverse Sauce verk\u00f6stigt worde, wunderbar isches gsi!<\/p>\n<p>Zurgg zum Trumpeteproblem.. De Muckel het n\u00f6d lang gfacklet und em aller liebste Schatz en Funk geh &#8211; ZACK, 2h sp\u00f6ter staht er da, mit sinere heldehafte Tat het er definitiv de Abig grettet, viele Dank liebe Rico!!!&nbsp;<\/p>\n<p>&nbsp;<\/p>\n\n\n<div class=\"wp-block-image\">\n<figure class=\"aligncenter size-large\"><img data-recalc-dims=\"1\" loading=\"lazy\" decoding=\"async\" width=\"644\" height=\"966\" src=\"https:\/\/i0.wp.com\/chlueppliseck.ch\/wordpress\/wp-content\/uploads\/2026\/03\/WhatsApp-Image-2026-03-04-at-17.10.36.jpeg?resize=644%2C966&#038;ssl=1\" alt=\"\" class=\"wp-image-16080\" srcset=\"https:\/\/i0.wp.com\/chlueppliseck.ch\/wordpress\/wp-content\/uploads\/2026\/03\/WhatsApp-Image-2026-03-04-at-17.10.36.jpeg?resize=644%2C966&amp;ssl=1 644w, https:\/\/i0.wp.com\/chlueppliseck.ch\/wordpress\/wp-content\/uploads\/2026\/03\/WhatsApp-Image-2026-03-04-at-17.10.36.jpeg?resize=400%2C600&amp;ssl=1 400w, https:\/\/i0.wp.com\/chlueppliseck.ch\/wordpress\/wp-content\/uploads\/2026\/03\/WhatsApp-Image-2026-03-04-at-17.10.36.jpeg?resize=200%2C300&amp;ssl=1 200w, https:\/\/i0.wp.com\/chlueppliseck.ch\/wordpress\/wp-content\/uploads\/2026\/03\/WhatsApp-Image-2026-03-04-at-17.10.36.jpeg?resize=768%2C1152&amp;ssl=1 768w, https:\/\/i0.wp.com\/chlueppliseck.ch\/wordpress\/wp-content\/uploads\/2026\/03\/WhatsApp-Image-2026-03-04-at-17.10.36.jpeg?w=1024&amp;ssl=1 1024w\" sizes=\"auto, (max-width: 644px) 100vw, 644px\" \/><\/figure>\n<\/div>\n\n\n<p>P\u00fcnktlich uf de ersti Uftritt het er&#8217;s id Halle gschafft. Da er am n\u00e4chste Tag wieder het m\u00fcesse fr\u00fceh use, isch er nume f\u00fcr de erst Uftritt blibe und het ufem Retourw\u00e4g doch grad no de arm chrank, trompetelosi Staaner mit Hei gno. Nume en chliine Umweg gsi \u00fcber Stei am Rhy.&nbsp;<\/p>\n<p>Trotz eusere chline Ahzahl a Chl\u00fcpplis hend mir de Uftritt souver\u00e4n gschmeisteret. Denah hend mer denn au echli ch\u00f6ne f\u00e4schte &#8211; aber n\u00f6d z&#8217;intensiv, da mer ja nomal en Uftritt hend. (Spielf\u00e4hig bliibe)<\/p>\n<p>Di eine hend i dere Ziit gschl\u00f6\u00f6felet, di andere s&#8217;Tanzbei gschwunge oder neui Bekanntschafte gmacht. d&#8217;Ziit isch vergange wie im Flug und scho isch de n\u00f6chsti Uftritt ahgstande. Au de isch eus wunderbar glunge.&nbsp;<\/p>\n<p>Vill meh gits da au gar n\u00f6d z&#8217;brichte. De Muckel het sich bereit erchl\u00e4rt Chl\u00fcppli-Taxi z&#8217;sii und het (fast) all wieder sicher zrugg id Luxus-Unterkunft bracht. Wie de D\u00f6lf und de Mitch wieder zrugg cho sind, blibt es R\u00e4tsel. ABER: Die zwei hend n\u00f6d ah R\u00fccksicht denkt und sind ine gschliche.. nei, sie hend sich luuthals gf\u00e4tzt und gw\u00e4tteret. Keine vo beidne cha sich dra erinnere.. def\u00fcr die wo usem Schlaf grisse worde sind.. und nomal; Danke f\u00fcr n\u00fct D\u00f6lf und Mitch.&nbsp;<\/p>\n<p>Am Sunntig Morge sind einigi scho fr\u00fceh usem N\u00e4scht und anderi sind liebevoll geweckt worde..&nbsp;<\/p>\n<p>&nbsp;<\/p>\n\n\n\n<figure class=\"wp-block-video\"><video height=\"832\" style=\"aspect-ratio: 464 \/ 832;\" width=\"464\" controls src=\"https:\/\/chlueppliseck.ch\/wordpress\/wp-content\/uploads\/2026\/03\/WhatsApp-Video-2026-03-01-at-08.52.16.mp4\"><\/video><\/figure>\n\n\n\n<p>Au eusi Mitbewohner, d&#8217;Staaaaaaaaner Schr\u00e4nzer hend sich \u00fcber de Weckdienst gfreut. Oder au n\u00f6d \ud83d\ude42<\/p>\n<p>Nach dem alli verwached sind und d&#8217;Unterkunft putzt gsi isch, hemmer scho m\u00fcesse zum Z&#8217;Morgebuffet disloziere. Danke a dere Stell de super Organisation vo de Fasnacht Buchsi.&nbsp;<\/p>\n<p>Ufem Weg zum Z&#8217;Morge het de D\u00f6lf glaub es H\u00f6ch gha.. er het sich so sch\u00f6n gfunde, dass er grad es Erinnerigsfoti het welle..&nbsp;<\/p>\n\n\n<div class=\"wp-block-image\">\n<figure class=\"aligncenter size-large\"><img data-recalc-dims=\"1\" loading=\"lazy\" decoding=\"async\" width=\"644\" height=\"354\" src=\"https:\/\/i0.wp.com\/chlueppliseck.ch\/wordpress\/wp-content\/uploads\/2026\/03\/WhatsApp-Image-2026-03-04-at-17.45.02.jpeg?resize=644%2C354&#038;ssl=1\" alt=\"\" class=\"wp-image-16082\" srcset=\"https:\/\/i0.wp.com\/chlueppliseck.ch\/wordpress\/wp-content\/uploads\/2026\/03\/WhatsApp-Image-2026-03-04-at-17.45.02.jpeg?resize=644%2C354&amp;ssl=1 644w, https:\/\/i0.wp.com\/chlueppliseck.ch\/wordpress\/wp-content\/uploads\/2026\/03\/WhatsApp-Image-2026-03-04-at-17.45.02.jpeg?resize=600%2C329&amp;ssl=1 600w, https:\/\/i0.wp.com\/chlueppliseck.ch\/wordpress\/wp-content\/uploads\/2026\/03\/WhatsApp-Image-2026-03-04-at-17.45.02.jpeg?resize=300%2C165&amp;ssl=1 300w, https:\/\/i0.wp.com\/chlueppliseck.ch\/wordpress\/wp-content\/uploads\/2026\/03\/WhatsApp-Image-2026-03-04-at-17.45.02.jpeg?resize=768%2C422&amp;ssl=1 768w, https:\/\/i0.wp.com\/chlueppliseck.ch\/wordpress\/wp-content\/uploads\/2026\/03\/WhatsApp-Image-2026-03-04-at-17.45.02.jpeg?w=1526&amp;ssl=1 1526w, https:\/\/i0.wp.com\/chlueppliseck.ch\/wordpress\/wp-content\/uploads\/2026\/03\/WhatsApp-Image-2026-03-04-at-17.45.02.jpeg?w=1288&amp;ssl=1 1288w\" sizes=\"auto, (max-width: 644px) 100vw, 644px\" \/><figcaption class=\"wp-element-caption\">ACHTUNG: FAKE FOTI!! (sind nume 56km\/h gsi)<\/figcaption><\/figure>\n<\/div>\n\n\n<p>Du hetisch n\u00f6d m\u00fcesse am Br\u00e4ndi sini (fast) unbefleckti Autonummere beschmutze, s&#8217;n\u00f6chst Mal machemer au eifach eso es Foti vo dir!&nbsp;<\/p>\n<p>Nach dem mir verk\u00f6stigt worde sind hets gheisse warte. Di eine hend z&#8217;Ziit mit schminke verbracht, di andere mit s\u00fcnnele und g\u00fc\u00fcgele.&nbsp;<\/p>\n<p>Nachere lange Entspannigsphase simmer zum Umzugsstart gange. D&#8217;Strecki isch sehr speziell gsi. Also eigentlich eifach es Viereck und mer hend zwei Durchg\u00e4ng gmacht. 50% Umzug mit Mensche und 50% ohni. Im Ziel ahcho hemmer n\u00f6d lang Verschnuufpause gha, de n\u00f6chst Uftritt isch scho ahgstande. Mer hend eus also uf d&#8217;Palett und uf de Ahh\u00e4ngerwage begeh&#8230; da hend di erschte scho fascht es Pl\u00f6tzlich\u00f6tzli m\u00fcesse mache. De Wage isch recht schwammig gsi und het bi jeder Bewegig nahgeh.&nbsp;<\/p>\n<p>Denah isch d&#8217;Umzugsverppfl\u00e4gig ahgstande und mer hend eusi Wienerli mit Brot d\u00f6rfe go reiche \ud83d\ude06 (15:45)<\/p>\n<p>&nbsp;<\/p>\n<p>Fascht p\u00fcnktlich am 17.00 het den endlich s&#8217;Monsterkonzert gstartet &#8211; de letschti Programmpunkt f\u00fcr das Wuchenend. Mer hend eus irgendwie chr\u00fcz und queer ufgstellt. De Br\u00e4ndi het sich gschickt nebet em H\u00f6rnli Jana anegstellt. W\u00e4hrend em Monster hend sie die glorriichi Idee gha, doch eifach mal s&#8217;Instrument z&#8217;t\u00fc\u00fcschle..&nbsp;<\/p>\n<p>&nbsp;<\/p>\n\n\n<div class=\"wp-block-image\">\n<figure class=\"aligncenter size-large\"><img data-recalc-dims=\"1\" loading=\"lazy\" decoding=\"async\" width=\"644\" height=\"966\" src=\"https:\/\/i0.wp.com\/chlueppliseck.ch\/wordpress\/wp-content\/uploads\/2026\/03\/WhatsApp-Image-2026-03-04-at-17.45.51.jpeg?resize=644%2C966&#038;ssl=1\" alt=\"\" class=\"wp-image-16083\" srcset=\"https:\/\/i0.wp.com\/chlueppliseck.ch\/wordpress\/wp-content\/uploads\/2026\/03\/WhatsApp-Image-2026-03-04-at-17.45.51.jpeg?resize=644%2C966&amp;ssl=1 644w, https:\/\/i0.wp.com\/chlueppliseck.ch\/wordpress\/wp-content\/uploads\/2026\/03\/WhatsApp-Image-2026-03-04-at-17.45.51.jpeg?resize=400%2C600&amp;ssl=1 400w, https:\/\/i0.wp.com\/chlueppliseck.ch\/wordpress\/wp-content\/uploads\/2026\/03\/WhatsApp-Image-2026-03-04-at-17.45.51.jpeg?resize=200%2C300&amp;ssl=1 200w, https:\/\/i0.wp.com\/chlueppliseck.ch\/wordpress\/wp-content\/uploads\/2026\/03\/WhatsApp-Image-2026-03-04-at-17.45.51.jpeg?resize=768%2C1152&amp;ssl=1 768w, https:\/\/i0.wp.com\/chlueppliseck.ch\/wordpress\/wp-content\/uploads\/2026\/03\/WhatsApp-Image-2026-03-04-at-17.45.51.jpeg?w=1024&amp;ssl=1 1024w\" sizes=\"auto, (max-width: 644px) 100vw, 644px\" \/><\/figure>\n<\/div>\n\n\n<p>&#8230;und siehe da, au das het irgendwie e bizzli funktioniert.&nbsp;<\/p>\n<p>Standardsgem\u00e4ss isch denn au de \u00c4ndlos no dra cho.. und de het das Mal sim Name alli Ehr gmacht.. bis zum Parkplatz het er eus verfolgt, bis mer denn endli de Fluech broche hend! V\u00f6llig am End hend sich d&#8217;Chl\u00fcpplis schnell verabschiedet und hend de Heiweg ahtr\u00e4tte.&nbsp;<\/p>\n<p>&nbsp;<\/p>\n<p>Liebi Chl\u00fcpplis, danke f\u00fcr das Wuchenend, s&#8217;n\u00e4chste und s&#8217;letschte f\u00fcr das Jahr verbringemer in Rorbas!&nbsp;<\/p>\n<p>&nbsp;<\/p>\n<p>Hebed en sch\u00f6ne, aber n\u00f6d euse<\/p>\n<p>Olga, Br\u00e4ndi, O&#8217;Fuck<\/p>\n","protected":false},"excerpt":{"rendered":"<p>Das Wuchenend hend mir d\u00f6rfe z&#8217;Buchsi z&#8217;Gast sii. De Ersti Treffpunkt vom Tag; d&#8217;Truppeunterkunft. Di eine Chl\u00fcpplis mit ihrne Bumscontainer, di andere ohni mobili Unterkunft.&nbsp; Wo denn de Tom i sim flitzige rote Smart um d&#8217;Kurve gflitzt isch, hend mer endlich ch\u00f6ne euses F\u00fc\u00fcf-Stern-Masselager go rekognosziere&#8230; &#8211; und ja wie s\u00f6llemer sege.. hauptsach es isch&#8230;<\/p>\n","protected":false},"author":34,"featured_media":0,"comment_status":"open","ping_status":"open","sticky":false,"template":"","format":"standard","meta":{"ngg_post_thumbnail":0,"_jetpack_memberships_contains_paid_content":false,"footnotes":""},"categories":[1],"tags":[],"class_list":["post-16079","post","type-post","status-publish","format-standard","hentry","category-uncategorized"],"jetpack_featured_media_url":"","jetpack_sharing_enabled":true,"_links":{"self":[{"href":"https:\/\/chlueppliseck.ch\/wordpress\/wp-json\/wp\/v2\/posts\/16079","targetHints":{"allow":["GET"]}}],"collection":[{"href":"https:\/\/chlueppliseck.ch\/wordpress\/wp-json\/wp\/v2\/posts"}],"about":[{"href":"https:\/\/chlueppliseck.ch\/wordpress\/wp-json\/wp\/v2\/types\/post"}],"author":[{"embeddable":true,"href":"https:\/\/chlueppliseck.ch\/wordpress\/wp-json\/wp\/v2\/users\/34"}],"replies":[{"embeddable":true,"href":"https:\/\/chlueppliseck.ch\/wordpress\/wp-json\/wp\/v2\/comments?post=16079"}],"version-history":[{"count":2,"href":"https:\/\/chlueppliseck.ch\/wordpress\/wp-json\/wp\/v2\/posts\/16079\/revisions"}],"predecessor-version":[{"id":16128,"href":"https:\/\/chlueppliseck.ch\/wordpress\/wp-json\/wp\/v2\/posts\/16079\/revisions\/16128"}],"wp:attachment":[{"href":"https:\/\/chlueppliseck.ch\/wordpress\/wp-json\/wp\/v2\/media?parent=16079"}],"wp:term":[{"taxonomy":"category","embeddable":true,"href":"https:\/\/chlueppliseck.ch\/wordpress\/wp-json\/wp\/v2\/categories?post=16079"},{"taxonomy":"post_tag","embeddable":true,"href":"https:\/\/chlueppliseck.ch\/wordpress\/wp-json\/wp\/v2\/tags?post=16079"}],"curies":[{"name":"wp","href":"https:\/\/api.w.org\/{rel}","templated":true}]}}