{"id":15804,"date":"2026-02-10T20:21:53","date_gmt":"2026-02-10T19:21:53","guid":{"rendered":"https:\/\/chlueppliseck.ch\/wordpress\/?p=15804"},"modified":"2026-02-10T20:24:33","modified_gmt":"2026-02-10T19:24:33","slug":"schraenzair-eiken-gipf-oberfrick-pz-rotacher-2026","status":"publish","type":"post","link":"https:\/\/chlueppliseck.ch\/wordpress\/2026\/02\/10\/schraenzair-eiken-gipf-oberfrick-pz-rotacher-2026\/","title":{"rendered":"Schr\u00e4nzAir Eiken \/ Gipf-Oberfrick \/ PZ Rotacher 2026"},"content":{"rendered":"\n<p>S&#8217;zweite Fasnachtswuchenend hend mer a mehrere Ort d\u00f6rfe verbringe. Gstartet hemmer am Samstig am Schr\u00e4nzAir. Mer hend grad als ersti Gugge vom Tag euse Uftritt gha. Zu eusere \u00dcberraschig; de Fasnachtsfreunde Eiken isch n\u00f6d entgange das mer bald euses Jubi h\u00e4nd.. Uf de B\u00fchne sind Heliumball\u00f6n platziert gsi, 50 Jahr Chl\u00fcppliseck! Nach eusem Uftritt hemmer sogar no en Jubichueche \u00fcbercho, so ufmerksam, danke a dere Stell de Fasnachtsfreunde Eiken! Mer hend eus det no chli mit Guggesound beriesle lah und verk\u00f6stigt, denn hemmer scho m\u00fcesse disloziere as n\u00f6chst Ort, irgendwie Hinterpfufige oder so isch das glaub gsii..<\/p>\n<p>&nbsp;<\/p>\n<p><img data-recalc-dims=\"1\" loading=\"lazy\" decoding=\"async\" class=\"alignnone size-full wp-image-15805 aligncenter\" src=\"https:\/\/i0.wp.com\/chlueppliseck.ch\/wordpress\/wp-content\/uploads\/2026\/02\/WhatsApp-Image-2026-02-07-at-17.25.30.jpeg?resize=644%2C483&#038;ssl=1\" alt=\"\" width=\"644\" height=\"483\" srcset=\"https:\/\/i0.wp.com\/chlueppliseck.ch\/wordpress\/wp-content\/uploads\/2026\/02\/WhatsApp-Image-2026-02-07-at-17.25.30.jpeg?w=2048&amp;ssl=1 2048w, https:\/\/i0.wp.com\/chlueppliseck.ch\/wordpress\/wp-content\/uploads\/2026\/02\/WhatsApp-Image-2026-02-07-at-17.25.30.jpeg?resize=600%2C450&amp;ssl=1 600w, https:\/\/i0.wp.com\/chlueppliseck.ch\/wordpress\/wp-content\/uploads\/2026\/02\/WhatsApp-Image-2026-02-07-at-17.25.30.jpeg?resize=644%2C483&amp;ssl=1 644w, https:\/\/i0.wp.com\/chlueppliseck.ch\/wordpress\/wp-content\/uploads\/2026\/02\/WhatsApp-Image-2026-02-07-at-17.25.30.jpeg?resize=300%2C225&amp;ssl=1 300w, https:\/\/i0.wp.com\/chlueppliseck.ch\/wordpress\/wp-content\/uploads\/2026\/02\/WhatsApp-Image-2026-02-07-at-17.25.30.jpeg?resize=768%2C576&amp;ssl=1 768w, https:\/\/i0.wp.com\/chlueppliseck.ch\/wordpress\/wp-content\/uploads\/2026\/02\/WhatsApp-Image-2026-02-07-at-17.25.30.jpeg?resize=1536%2C1152&amp;ssl=1 1536w, https:\/\/i0.wp.com\/chlueppliseck.ch\/wordpress\/wp-content\/uploads\/2026\/02\/WhatsApp-Image-2026-02-07-at-17.25.30.jpeg?w=1288&amp;ssl=1 1288w, https:\/\/i0.wp.com\/chlueppliseck.ch\/wordpress\/wp-content\/uploads\/2026\/02\/WhatsApp-Image-2026-02-07-at-17.25.30.jpeg?w=1932&amp;ssl=1 1932w\" sizes=\"auto, (max-width: 644px) 100vw, 644px\" \/><\/p>\n<p>&nbsp;<\/p>\n<p>Ah nei, Gipf-Oberfick, genau. Mir sind det ahgfr\u00f6get worde, zum bimene Fasnachtsgottesdienst, passend zum Thema, di musikalisch Begleitig z&#8217;sii. Das isch n\u00f6d unbedingt de gwohnt Lebensruum vo de Chl\u00fcpplis, trotzdem hend mer eus eifach mal druf ihlah.&nbsp;<\/p>\n<p>Mer sind n\u00f6d entt\u00fc\u00fcscht worde &#8211; Mer hend alles geh, de L\u00fc\u00fct hets gfalle und de Chl\u00fcpplis au!! Mer hend sogar no usegfunde, dass de armi Pfarrer vo de Chile kein 13te \u00fcberchunnt. Verpackt inere Schnitzelbank het er DE eini oder ander echli hops gno, gnau euse Humor \ud83d\ude09 Denah hets denn f\u00fcr eus no Suppe und Wienrli zur St\u00e4rchig geh, det het sogar no de Chl\u00fcppli-Store guete Umsatz ch\u00f6ne mache.&nbsp;<\/p>\n<p>Denn hets scho wieder gheisse disloziere &#8211; zur\u00fcck an den Anfang. wieder in Eike ahcho, hemmer au scho m\u00fcesse f\u00fcr de n\u00f6chst Uftritt sattle. Es paar Fasnachtsfreudigi, di meiste sind zwar au Gugge Mitglieder und ohne Glieder gsi, aber die hend mit eus Vollgas geh. Nach dem sehr glungene Uftritt hend di einte oder andere nochli det verwiilet und de Abig usklinge lah.&nbsp;<\/p>\n<p><img data-recalc-dims=\"1\" loading=\"lazy\" decoding=\"async\" class=\"alignnone size-full wp-image-15806\" src=\"https:\/\/i0.wp.com\/chlueppliseck.ch\/wordpress\/wp-content\/uploads\/2026\/02\/WhatsApp-Image-2026-02-10-at-19.56.29.jpeg?resize=644%2C966&#038;ssl=1\" alt=\"\" width=\"644\" height=\"966\" srcset=\"https:\/\/i0.wp.com\/chlueppliseck.ch\/wordpress\/wp-content\/uploads\/2026\/02\/WhatsApp-Image-2026-02-10-at-19.56.29.jpeg?w=1024&amp;ssl=1 1024w, https:\/\/i0.wp.com\/chlueppliseck.ch\/wordpress\/wp-content\/uploads\/2026\/02\/WhatsApp-Image-2026-02-10-at-19.56.29.jpeg?resize=400%2C600&amp;ssl=1 400w, https:\/\/i0.wp.com\/chlueppliseck.ch\/wordpress\/wp-content\/uploads\/2026\/02\/WhatsApp-Image-2026-02-10-at-19.56.29.jpeg?resize=644%2C966&amp;ssl=1 644w, https:\/\/i0.wp.com\/chlueppliseck.ch\/wordpress\/wp-content\/uploads\/2026\/02\/WhatsApp-Image-2026-02-10-at-19.56.29.jpeg?resize=200%2C300&amp;ssl=1 200w, https:\/\/i0.wp.com\/chlueppliseck.ch\/wordpress\/wp-content\/uploads\/2026\/02\/WhatsApp-Image-2026-02-10-at-19.56.29.jpeg?resize=768%2C1152&amp;ssl=1 768w\" sizes=\"auto, (max-width: 644px) 100vw, 644px\" \/><\/p>\n<p>Am Sunntig ischs sehr entspannt im PZ Rotacher wiitergange. Det hemmer f\u00fcr d&#8217;Bewohnerinne und Bewohner d\u00f6rfe echli Fasnachtsstimmig id H\u00fctte bringe &#8211; also vor d&#8217;H\u00fctte. Da mer sehr herzlich mitere Kiste Bier empfange worde sind, hend sich d&#8217;Chl\u00fcppli grad wohl gf\u00fchlt und sind automatisch no motivierter gsi! Wo d&#8217;Zueschauer ready gsi sind, hemmer losgleit. Sones dankbars Publikum hemmer no selte erlebt, sogar e Dame im Rollstuehl het ihri Chraft zemmegno und mit Unterst\u00fctzig zu eusere Musig s&#8217;Tanzbei gschwunge. N\u00f6d z&#8217;verg\u00e4sse die Dame ide vorderste Reieh, sie het alles geh!&nbsp;<\/p>\n<p>Nach enere churze Pause hemmer nomal Vollgas geh. Und nomal; s&#8217;Publikum hets sichtlich gnosse &#8211; und mir au!! Danke dass mer f\u00fcr eu hend d\u00f6rfe musiziere und de Bewohnerinne und Bewohner es Lache ist Gsicht zaubere. Au ganz herzliche Dank f\u00fcr Speis und Trank, mit dem het mer d&#8217;Chl\u00fcpplis no immer um de Finger gwicklet! \ud83d\ude42<\/p>\n<p>&nbsp;<\/p>\n<p>N\u00e4chst Wuchenend staht Rhyf\u00e4lde ufem Programm. Mal luege was mer denn da eso f\u00fcr Gschichtli ch\u00f6nd verzelle.&nbsp;<\/p>\n<p>&nbsp;<\/p>\n<p>Tsch\u00fcssikovski&nbsp;<\/p>\n<p>&nbsp;<\/p>\n<pre><span style=\"color: #ffcc99;\">F\u00fcr d'Chl\u00fcpplis:<\/span><br><br><span style=\"color: #ffcc99;\">Ich glaub es list sowieso niemer <br>de Bricht w\u00fcki sehr ufmerksam <br>und bis am Schluss. Drum: <br>De erst wo de F\u00e4hler findet <br>und das mit eme Fotibewiis <br>in Chat schickt, chunnt en <br>Orde \u00fcber! :)<\/span><\/pre>\n<p>&nbsp;<\/p>\n","protected":false},"excerpt":{"rendered":"<p>S&#8217;zweite Fasnachtswuchenend hend mer a mehrere Ort d\u00f6rfe verbringe. Gstartet hemmer am Samstig am Schr\u00e4nzAir. Mer hend grad als ersti Gugge vom Tag euse Uftritt gha. Zu eusere \u00dcberraschig; de Fasnachtsfreunde Eiken isch n\u00f6d entgange das mer bald euses Jubi h\u00e4nd.. Uf de B\u00fchne sind Heliumball\u00f6n platziert gsi, 50 Jahr Chl\u00fcppliseck! Nach eusem Uftritt hemmer&#8230;<\/p>\n","protected":false},"author":34,"featured_media":0,"comment_status":"open","ping_status":"open","sticky":false,"template":"","format":"standard","meta":{"ngg_post_thumbnail":0,"_jetpack_memberships_contains_paid_content":false,"footnotes":""},"categories":[1],"tags":[],"class_list":["post-15804","post","type-post","status-publish","format-standard","hentry","category-uncategorized"],"jetpack_featured_media_url":"","jetpack_sharing_enabled":true,"_links":{"self":[{"href":"https:\/\/chlueppliseck.ch\/wordpress\/wp-json\/wp\/v2\/posts\/15804","targetHints":{"allow":["GET"]}}],"collection":[{"href":"https:\/\/chlueppliseck.ch\/wordpress\/wp-json\/wp\/v2\/posts"}],"about":[{"href":"https:\/\/chlueppliseck.ch\/wordpress\/wp-json\/wp\/v2\/types\/post"}],"author":[{"embeddable":true,"href":"https:\/\/chlueppliseck.ch\/wordpress\/wp-json\/wp\/v2\/users\/34"}],"replies":[{"embeddable":true,"href":"https:\/\/chlueppliseck.ch\/wordpress\/wp-json\/wp\/v2\/comments?post=15804"}],"version-history":[{"count":2,"href":"https:\/\/chlueppliseck.ch\/wordpress\/wp-json\/wp\/v2\/posts\/15804\/revisions"}],"predecessor-version":[{"id":15808,"href":"https:\/\/chlueppliseck.ch\/wordpress\/wp-json\/wp\/v2\/posts\/15804\/revisions\/15808"}],"wp:attachment":[{"href":"https:\/\/chlueppliseck.ch\/wordpress\/wp-json\/wp\/v2\/media?parent=15804"}],"wp:term":[{"taxonomy":"category","embeddable":true,"href":"https:\/\/chlueppliseck.ch\/wordpress\/wp-json\/wp\/v2\/categories?post=15804"},{"taxonomy":"post_tag","embeddable":true,"href":"https:\/\/chlueppliseck.ch\/wordpress\/wp-json\/wp\/v2\/tags?post=15804"}],"curies":[{"name":"wp","href":"https:\/\/api.w.org\/{rel}","templated":true}]}}