{"id":15725,"date":"2026-02-10T19:04:12","date_gmt":"2026-02-10T18:04:12","guid":{"rendered":"https:\/\/chlueppliseck.ch\/wordpress\/?p=15725"},"modified":"2026-02-10T19:28:45","modified_gmt":"2026-02-10T18:28:45","slug":"daellikon-kifa-chloote","status":"publish","type":"post","link":"https:\/\/chlueppliseck.ch\/wordpress\/2026\/02\/10\/daellikon-kifa-chloote\/","title":{"rendered":"D\u00e4llikon \/ KiFa Chloote 2026"},"content":{"rendered":"\n<p>Am Samstig hemmer d&#8217;Fasnachtssaison in D\u00e4llike d\u00f6rfe ihl\u00fc\u00fcte. Vorem Chinderumzug, hend mir no zersch ufem Schuelhuusplatz d\u00f6rfe spille. Da es paar vereinzelti, d&#8217;Outdoorakustik n\u00fcm gw\u00f6hnt sind, hends (het ER) nachem erste St\u00fcckli gfr\u00f6get: &#8222;segemal, gh\u00f6red ihr mich??!!?!?!&#8220;. Ja D\u00f6lf, dini Stimm isch un\u00fcberh\u00f6rbar, aber s\u00f6tsch vorem spille no de Silentbrass usem Trichter neh&#8230;<\/p>\n<p>Nach dem au das Problem gl\u00f6st gsi isch, isches denn mit em Umzug losgange. Eus hends de Vortritt lah, und all Chind sind hine nah gh\u00f6selet. S&#8217;Publikum isch eus leider meh hine nah gloffe als am Strasserand gstande, jedoch het mer doch vereinzelti Gsichter ade F\u00e4nster gsichtet.&nbsp;<\/p>\n<p>Nachem Umz\u00fcgli isch de n\u00f6chst Termin de Chindermaskeball gsi. Es het vill Chind gha wo sich ab eusere musikalische Meisterleistig erfreut hend.&nbsp;<\/p>\n<p>Denn sind mer id Garderobe. Ja, Chl\u00fcpplis bruched eh Garderobe. Di einte f\u00fcr en taktische Zw\u00fcschepfuus, di andere zum Spiili mache.&nbsp;<\/p>\n<p>&nbsp;<\/p>\n<p><img data-recalc-dims=\"1\" loading=\"lazy\" decoding=\"async\" class=\"alignnone size-medium wp-image-15726 aligncenter\" src=\"https:\/\/i0.wp.com\/chlueppliseck.ch\/wordpress\/wp-content\/uploads\/2026\/02\/WhatsApp-Image-2026-01-31-at-15.33.16.jpeg?resize=450%2C600&#038;ssl=1\" alt=\"\" width=\"450\" height=\"600\" srcset=\"https:\/\/i0.wp.com\/chlueppliseck.ch\/wordpress\/wp-content\/uploads\/2026\/02\/WhatsApp-Image-2026-01-31-at-15.33.16.jpeg?resize=450%2C600&amp;ssl=1 450w, https:\/\/i0.wp.com\/chlueppliseck.ch\/wordpress\/wp-content\/uploads\/2026\/02\/WhatsApp-Image-2026-01-31-at-15.33.16.jpeg?resize=644%2C859&amp;ssl=1 644w, https:\/\/i0.wp.com\/chlueppliseck.ch\/wordpress\/wp-content\/uploads\/2026\/02\/WhatsApp-Image-2026-01-31-at-15.33.16.jpeg?resize=225%2C300&amp;ssl=1 225w, https:\/\/i0.wp.com\/chlueppliseck.ch\/wordpress\/wp-content\/uploads\/2026\/02\/WhatsApp-Image-2026-01-31-at-15.33.16.jpeg?resize=768%2C1024&amp;ssl=1 768w, https:\/\/i0.wp.com\/chlueppliseck.ch\/wordpress\/wp-content\/uploads\/2026\/02\/WhatsApp-Image-2026-01-31-at-15.33.16.jpeg?resize=1152%2C1536&amp;ssl=1 1152w, https:\/\/i0.wp.com\/chlueppliseck.ch\/wordpress\/wp-content\/uploads\/2026\/02\/WhatsApp-Image-2026-01-31-at-15.33.16.jpeg?w=1536&amp;ssl=1 1536w, https:\/\/i0.wp.com\/chlueppliseck.ch\/wordpress\/wp-content\/uploads\/2026\/02\/WhatsApp-Image-2026-01-31-at-15.33.16.jpeg?w=1288&amp;ssl=1 1288w\" sizes=\"auto, (max-width: 450px) 100vw, 450px\" \/><\/p>\n\n\n\n<p>De zweiti Uftritt isch am 16.30Uhr planet gsi. Leider hend d&#8217;Chind de Maskeball am 16Uhr fluchtartig verlah. Drum hend mer f\u00fcr es paar wenigi nomal alles geh. So langsam isch de Hunger cho und mer hend eus f\u00fcr e Pizza vom Schachtelwirt wieder i eusi Privatgarderobe verzoge.&nbsp;<\/p>\n<p>Nach dere meh oder WENIGER guete St\u00e4rchig ischs Programm m\u00e4ssig str\u00e4ng wiiter gange. Am 21Uhr isch de n\u00f6chsti Uftritt ahgstande. Au da isch s&#8217;Publikum n\u00f6d vill meh gwachse, trotzdem hemmer probiert, di wenige aber top motivierte G\u00e4st zunere Polonaise z&#8217;bewege, was au wunderbar klappet het.&nbsp;<\/p>\n<p>En gedigene Start id Fasnachtssaison!<\/p>\n<p>&nbsp;<\/p>\n<p>Am Sunntig, wie jedes Jahr &#8211; KiFa Chloote.&nbsp;<\/p>\n<p>Usgschlafe und voller Elan, sind mer ad Chinderfasnacht Chloote. Scho vo wiitem het mer s&#8217;Problem erch\u00e4nnt &#8211; EHC Chloote het h\u00fct Familiematch. Dementsprechend het au d&#8217;Parksituation usgseh. Wo denn meh oder weniger alli ihri Chl\u00fcpplimobil hend ch\u00f6ne ordnigsgem\u00e4ss abstelle, isches au scho ziit gsi f\u00fcr de ersti Uftritt. H\u00fct isch alles wie am Schn\u00fcerli gloffe, mer d\u00e4nket so langsam, hend d&#8217;Chl\u00fcppli&#8217;s sich an n\u00fcme SteV Musikus gw\u00f6hnt. Jetzt isch de Mei(ste)r offiziell euse neue Musikus.. DANKE STE!&nbsp;<\/p>\n<p>Nachem musiziere hend mer eus d\u00f6rfe verpflege lah und s&#8217;Sunne nochlli vorm Schluefweg gn\u00fcsse. Pause vorbei, denn hend mer scho wieder ad Seck m\u00fcesse. Au de Uftritt isch eus glunge. De Schlag het&nbsp; no d\u00f6rfe f\u00fcr d&#8217;Maskepremierig uf d&#8217;B\u00fchne und denn isches scho ums ufruume Gange.&nbsp;<\/p>\n<p>Mer freued eus scho uf&#8217;s n\u00f6chste Wuchenend &#8211; am Samstig Eike und am Sunntig im Altersheim Rotacher.&nbsp;<\/p>\n<p>Hebed en sch\u00f6ne!&nbsp;<\/p>\n<p>&nbsp;<\/p>\n","protected":false},"excerpt":{"rendered":"<p>Am Samstig hemmer d&#8217;Fasnachtssaison in D\u00e4llike d\u00f6rfe ihl\u00fc\u00fcte. Vorem Chinderumzug, hend mir no zersch ufem Schuelhuusplatz d\u00f6rfe spille. Da es paar vereinzelti, d&#8217;Outdoorakustik n\u00fcm gw\u00f6hnt sind, hends (het ER) nachem erste St\u00fcckli gfr\u00f6get: &#8222;segemal, gh\u00f6red ihr mich??!!?!?!&#8220;. Ja D\u00f6lf, dini Stimm isch un\u00fcberh\u00f6rbar, aber s\u00f6tsch vorem spille no de Silentbrass usem Trichter neh&#8230; Nach dem&#8230;<\/p>\n","protected":false},"author":34,"featured_media":0,"comment_status":"open","ping_status":"open","sticky":false,"template":"","format":"standard","meta":{"ngg_post_thumbnail":0,"_jetpack_memberships_contains_paid_content":false,"footnotes":""},"categories":[1],"tags":[],"class_list":["post-15725","post","type-post","status-publish","format-standard","hentry","category-uncategorized"],"jetpack_featured_media_url":"","jetpack_sharing_enabled":true,"_links":{"self":[{"href":"https:\/\/chlueppliseck.ch\/wordpress\/wp-json\/wp\/v2\/posts\/15725","targetHints":{"allow":["GET"]}}],"collection":[{"href":"https:\/\/chlueppliseck.ch\/wordpress\/wp-json\/wp\/v2\/posts"}],"about":[{"href":"https:\/\/chlueppliseck.ch\/wordpress\/wp-json\/wp\/v2\/types\/post"}],"author":[{"embeddable":true,"href":"https:\/\/chlueppliseck.ch\/wordpress\/wp-json\/wp\/v2\/users\/34"}],"replies":[{"embeddable":true,"href":"https:\/\/chlueppliseck.ch\/wordpress\/wp-json\/wp\/v2\/comments?post=15725"}],"version-history":[{"count":2,"href":"https:\/\/chlueppliseck.ch\/wordpress\/wp-json\/wp\/v2\/posts\/15725\/revisions"}],"predecessor-version":[{"id":15803,"href":"https:\/\/chlueppliseck.ch\/wordpress\/wp-json\/wp\/v2\/posts\/15725\/revisions\/15803"}],"wp:attachment":[{"href":"https:\/\/chlueppliseck.ch\/wordpress\/wp-json\/wp\/v2\/media?parent=15725"}],"wp:term":[{"taxonomy":"category","embeddable":true,"href":"https:\/\/chlueppliseck.ch\/wordpress\/wp-json\/wp\/v2\/categories?post=15725"},{"taxonomy":"post_tag","embeddable":true,"href":"https:\/\/chlueppliseck.ch\/wordpress\/wp-json\/wp\/v2\/tags?post=15725"}],"curies":[{"name":"wp","href":"https:\/\/api.w.org\/{rel}","templated":true}]}}