{"id":15377,"date":"2025-03-25T23:20:00","date_gmt":"2025-03-25T22:20:00","guid":{"rendered":"https:\/\/chlueppliseck.ch\/wordpress\/?p=15377"},"modified":"2025-03-25T23:20:04","modified_gmt":"2025-03-25T22:20:04","slug":"fasnachtsweekend-rorbas-25-saisonabschluss","status":"publish","type":"post","link":"https:\/\/chlueppliseck.ch\/wordpress\/2025\/03\/25\/fasnachtsweekend-rorbas-25-saisonabschluss\/","title":{"rendered":"Fasnachtsweekend Rorbas 25 &#8211; Saisonabschluss"},"content":{"rendered":"\n<p style=\"font-weight: 400;\">Hallo und herzlich willkommen zum letzten Bericht der Saison \ud83d\ude0a<\/p>\n<p style=\"font-weight: 400;\">Das letzte Fasnachtswochenende verbrachten wir, wie immer, in Rorbas. Traditionell als Chl\u00fcpplig\u00fcner. Bereits am Mittag fuhren die ersten Chl\u00fcpplig\u00fcner mit ihren edlen Bumscontainer vor. Edel? Janic konnte von Gl\u00fcck reden, dass sein Laubfrosch nicht schon w\u00e4hrend der Fahrt ganz auseinanderfiel. Denn bereits auf der Autobahn flogen ihm die ersten Teile seines Chr\u00fcppel-Campers um die Ohren (laut Janic waren sie nicht richtig ANGELEIMT).<\/p>\n<p><img data-recalc-dims=\"1\" decoding=\"async\" src=\"https:\/\/i0.wp.com\/chlueppliseck.ch\/wordpress\/wp-content\/uploads\/2025\/03\/PHOTO-2025-03-25-23-05-17.jpg?w=644&#038;ssl=1\"><\/p>\n<p style=\"font-weight: 400;\">Dank der Glorreichen Idee von Olga und der Organisation von Andrea, hatten wir dieses Jahr sogar Strom in unserem Chl\u00fcpplig\u00fcner-D\u00f6rfli! Herzlichen Dank an dieser Stelle an die Firma Kyburz, von welcher wir den Saft abzapfen durften.\ud83d\ude0a<\/p>\n<div style=\"width: 640px;\" class=\"wp-video\"><video class=\"wp-video-shortcode\" id=\"video-15377-1\" width=\"640\" height=\"360\" preload=\"metadata\" controls=\"controls\"><source type=\"video\/mp4\" src=\"https:\/\/chlueppliseck.ch\/wordpress\/wp-content\/uploads\/2025\/03\/VIDEO-2025-03-25-23-09-30.mp4?_=1\" \/><a href=\"https:\/\/chlueppliseck.ch\/wordpress\/wp-content\/uploads\/2025\/03\/VIDEO-2025-03-25-23-09-30.mp4\">https:\/\/chlueppliseck.ch\/wordpress\/wp-content\/uploads\/2025\/03\/VIDEO-2025-03-25-23-09-30.mp4<\/a><\/video><\/div>\n<p style=\"font-weight: 400;\">Ein Problem blieb jedoch noch bestehen, welches so schnell wie m\u00f6glich gel\u00f6st werden musste. Da M\u00e4se an unter einer akut lebensbedrohlichen M\u00e4nnergrippe litt, standen wir ohne Musikus da. Es wurde hitzig diskutiert, ein hin und her, alle verbrachen sich die K\u00f6pfe\u2026 &nbsp;Doch dann\u2026<\/p>\n<p style=\"font-weight: 400;\">\u2026Ein glei\u00dfender Lichtstrahl durchbrach die Dunkelheit, str\u00f6mte vom Himmel herab und h\u00fcllte alles in goldenes Feuer. Aus dem Licht trat eine Gestalt, majest\u00e4tisch und kraftvoll. Der Held, erleuchtet von einer Macht jenseits aller Vorstellung, hob die Hand. Mit einem einzigen Blick zerbrach er die Stille des Chl\u00fcpplig\u00fcner-D\u00f6rfli. Alle verneigten sich dankend vor Ste.<\/p>\n<p style=\"font-weight: 400;\"><img data-recalc-dims=\"1\" decoding=\"async\" src=\"https:\/\/i0.wp.com\/chlueppliseck.ch\/wordpress\/wp-content\/uploads\/2025\/03\/PHOTO-2025-03-25-23-05-17-2.jpg?w=644&#038;ssl=1\"><\/p>\n<p style=\"font-weight: 400;\">Als gegen 17 Uhr alle Chl\u00fcpplis, sowie unser treuer Fanclub im D\u00f6rfli angekommen waren, knurrte bereits bei einigen der Magen. Da Olga und Br\u00e4ndi soooooooo einen netten Chef haben, durften wir leckere Grilladen und Kartoffelsalat geniessen.<\/p>\n<p style=\"font-weight: 400;\">&nbsp;<\/p>\n<p style=\"font-weight: 400;\">Nach Speis und Trank (danke f\u00fcr\u2019s Sponsoring vom Trank M\u00e4se) w\u00e4re eigentlich ein Verdauungsschl\u00e4fchen angebracht. Daf\u00fcr blieb jedoch keine Zeit, da die Chl\u00fcpplis sich noch das N\u00e4schen pudern mussten. Wie bereits an vergangenen Auftritten, durften unsere LED Ballone nicht fehlen. Diesmal aber in der Luxus Latex Variante (Danke vill Mal Helga!).<\/p>\n<p style=\"font-weight: 400;\"><img data-recalc-dims=\"1\" decoding=\"async\" src=\"https:\/\/i0.wp.com\/chlueppliseck.ch\/wordpress\/wp-content\/uploads\/2025\/03\/PHOTO-2025-03-25-23-05-18.jpg?w=644&#038;ssl=1\"><\/p>\n<p style=\"font-weight: 400;\">Mit Instrumenten und LED-Ballone best\u00fcckt, machten wir uns auf den Weg zum Maskenball. Bereits um 21 Uhr durften wir als zweite Gugge auftreten. Alle etwas unsicher, ob es mit unserem majest\u00e4tischen Ste.V. Musikus reibungslos klappen wird, begaben wir uns auf die B\u00fchne. Ste schwang grazi\u00f6s seine Trompete in der Luft&nbsp; &#8211; &nbsp;da f\u00fcllten die ersten, nahe zu perfekten T\u00f6ne, den Steigwiessaal. Perfekt? Da wollen wir Mal nicht \u00fcbertreiben, wir sind ja immer noch eine Gugge \ud83d\ude0a.<\/p>\n<p style=\"font-weight: 400;\">&nbsp;<\/p>\n<p style=\"font-weight: 400;\">&nbsp;Nach einem gelungen Auftritt, genossen die Chl\u00fcpplis den Abend \u2013 die einen etwas l\u00e4nger als die anderen. Unser j\u00fcngling Janic fand schon vor Andrea den Weg zur\u00fcck ins Schlafgemach, was uns sehr verwunderte. Denn normalerweise ist unser Guggen-Grosi Andrea die erste im Schlafrock. Pl\u00f6tzlich standen Olga, Fritschi und D\u00f6lf allein im Steigwiessaal. Wo waren alle hin, die sind noch so jung?<\/p>\n<p style=\"font-weight: 400;\"><img data-recalc-dims=\"1\" decoding=\"async\" src=\"https:\/\/i0.wp.com\/chlueppliseck.ch\/wordpress\/wp-content\/uploads\/2025\/03\/PHOTO-2025-03-25-23-05-18-2.jpg?w=644&#038;ssl=1\"><\/p>\n<p style=\"font-weight: 400;\">Als am Morgen die V\u00f6gel zwitscherten und der Tag uns mit Regentropfen begr\u00fcsste, erwachten die ersten Chl\u00fcpplis aus ihrem Sch\u00f6nheitsschlaf. Die einen frisch \u2013 die anderen vergammelt (evtl. die einen Laubfr\u00f6sche auch gerammelt). Nach reichhaltigem Fr\u00fchst\u00fcck, waren alle Chl\u00fcpplis wieder gest\u00e4rkt und bereit f\u00fcr den Umzug.<\/p>\n<p><img data-recalc-dims=\"1\" decoding=\"async\" src=\"https:\/\/i0.wp.com\/chlueppliseck.ch\/wordpress\/wp-content\/uploads\/2025\/03\/PHOTO-2025-03-25-23-05-18-3.jpg?w=644&#038;ssl=1\"><\/p>\n<p style=\"font-weight: 400;\">Als der Zunftmeister anstand, regnete es in Str\u00f6men. Olga und Helga, welche sich dessen annahmen, entschieden sich kurzer Hand f\u00fcr eine Mitfahrgelegenheit (danke Laura) zum Saal, damit sie nicht ganz durchn\u00e4sst dort ankamen. W\u00e4hrenddessen warfen sich die restlichen Chl\u00fcpplis in Schale und sorgten f\u00fcr Ordnung im Chl\u00fcpplig\u00fcner-D\u00f6rfli. Pl\u00f6tzlich h\u00f6rten die Bewohner des D\u00f6rfli be\u00e4ngstigende Schreie und Gel\u00e4chter, welche immer n\u00e4her zu kommen schienen. Die zwei Zunftmeister-Damen haben sich nicht lumpen lassen und fanden auch f\u00fcr den R\u00fcckweg ein passendes Gef\u00e4hrt.<\/p>\n<p style=\"font-weight: 400;\"><img data-recalc-dims=\"1\" decoding=\"async\" src=\"https:\/\/i0.wp.com\/chlueppliseck.ch\/wordpress\/wp-content\/uploads\/2025\/03\/GIF-2025-03-25-23-07-06.gif?w=644&#038;ssl=1\"><\/p>\n<p style=\"font-weight: 400;\">F\u00fcr den Umzug (und f\u00fcr unsere Jubil\u00e4umsreise) hatten wir noch Unterst\u00fctzung von unserem Chl\u00fcppli-Mobil. Grossen Dank nochmals an den Fahrer R\u00f6bi und an alle Helfer, die den Umzugszuschauern fleissig L\u00fcl\u00fc verteilten und Spenden sammelten! Beim Umzugsstart (bei fast schon sommerlichen Temperaturen) waren die Chl\u00fcpplis hoch konzentriert&#8230; wie wird wohl der Umzug mit unserem Ste.V. Musikus? Doch unsere Sorgen waren unbegr\u00fcndet, kurz und knackig; Der Umzug lief hervorragend!<\/p>\n<p style=\"font-weight: 400;\"><img data-recalc-dims=\"1\" decoding=\"async\" src=\"https:\/\/i0.wp.com\/chlueppliseck.ch\/wordpress\/wp-content\/uploads\/2025\/03\/PHOTO-2025-03-25-23-05-18-4.jpg?w=644&#038;ssl=1\"><\/p>\n<p style=\"font-weight: 400;\">Nach der Umzugsverpflegung durften wir nochmals im Saal die Zuschauer mit unseren Kl\u00e4ngen befl\u00fcgeln. Unser Ste.V. teilte uns per WhatsApp den Treffpunkt mit. Unser Manu best\u00e4tigte als einziger mit einem Daumen hoch die Nachtricht. Da dachte er sich, dass er mit seiner neuen windschnittigen Friese erst zum ersten Paukenschlag erscheinen muss. Wieder ein Auftritt, welcher Eindruck hinterliess (Die Migros-Angestellte in Eglisau war zumindest sehr begeistert).<\/p>\n<p style=\"font-weight: 400;\"><img data-recalc-dims=\"1\" decoding=\"async\" src=\"https:\/\/i0.wp.com\/chlueppliseck.ch\/wordpress\/wp-content\/uploads\/2025\/03\/PHOTO-2025-03-25-23-05-18-5-scaled.jpg?w=644&#038;ssl=1\"><\/p>\n<p style=\"font-weight: 400;\">An dieser Stelle nochmals ein ganz grosses DANKESCH\u00d6N an unseren Ste.V. Musikus f\u00fcr seinen spontanen und grossartigen Einsatz &lt;3<\/p>\n<p style=\"font-weight: 400;\">Nach einem Saisonabschliessenden \u00abAUSGESCHEISSNET\u00bb ging es zur\u00fcck, um das Dorf der Chl\u00fcpplig\u00fcner zu r\u00e4umen und anschliessend die Heimreise anzutreten.<\/p>\n<p style=\"font-weight: 400;\">&nbsp;<\/p>\n<p style=\"font-weight: 400;\">Fertig, Ende, Schluss. Danke Chl\u00fcpplis, f\u00fcr die gelungene Saison!<\/p>\n<p style=\"font-weight: 400;\">&nbsp;<\/p>\n<p style=\"font-weight: 400;\">Zum Schluss noch der Rechtliche Hinweis; F\u00fcr Rechtschreibfehler \u00fcbernehmen wir keinerlei Verantwortung. Falls du doch einen entdeckst, darfst du ihn gerne mit nach Hause nehmen \u2013 er freut sich bestimmt \u00fcber deine Gesellschaft.<\/p>\n<p style=\"font-weight: 400;\">&nbsp;<\/p>\n<p style=\"font-weight: 400;\"><strong>Peace out \u2013 Olga, Lara, Br\u00e4ndi<\/strong><\/p>\n<p style=\"font-weight: 400;\">&nbsp;<\/p>\n<p style=\"font-weight: 400;\">PS.. D\u00f6lf Jr.&nbsp;: \u00ab&nbsp;Papi, Guggemusik isch scho no cool. Wenns so luut isch gh\u00f6rt niemer wenn mer vill muss furze.\u00bb<\/p>\n<p style=\"font-weight: 400;\">Danke f\u00fcr n\u00fct\u2026.. w\u00fcr de alt D\u00f6lf jetzt s\u00e4g\u00e4\u2026\u2026..<\/p>\n<p style=\"font-weight: 400;\">&nbsp;<\/p>\n<p style=\"font-weight: 400;\">&nbsp;<\/p>\n<p style=\"font-weight: 400;\">&nbsp;<\/p>\n","protected":false},"excerpt":{"rendered":"<p>Hallo und herzlich willkommen zum letzten Bericht der Saison \ud83d\ude0a Das letzte Fasnachtswochenende verbrachten wir, wie immer, in Rorbas. Traditionell als Chl\u00fcpplig\u00fcner. Bereits am Mittag fuhren die ersten Chl\u00fcpplig\u00fcner mit ihren edlen Bumscontainer vor. Edel? Janic konnte von Gl\u00fcck reden, dass sein Laubfrosch nicht schon w\u00e4hrend der Fahrt ganz auseinanderfiel. Denn bereits auf der Autobahn&#8230;<\/p>\n","protected":false},"author":50,"featured_media":0,"comment_status":"open","ping_status":"open","sticky":false,"template":"","format":"standard","meta":{"ngg_post_thumbnail":0,"_jetpack_memberships_contains_paid_content":false,"footnotes":""},"categories":[1],"tags":[],"class_list":["post-15377","post","type-post","status-publish","format-standard","hentry","category-uncategorized"],"jetpack_featured_media_url":"","jetpack_sharing_enabled":true,"_links":{"self":[{"href":"https:\/\/chlueppliseck.ch\/wordpress\/wp-json\/wp\/v2\/posts\/15377","targetHints":{"allow":["GET"]}}],"collection":[{"href":"https:\/\/chlueppliseck.ch\/wordpress\/wp-json\/wp\/v2\/posts"}],"about":[{"href":"https:\/\/chlueppliseck.ch\/wordpress\/wp-json\/wp\/v2\/types\/post"}],"author":[{"embeddable":true,"href":"https:\/\/chlueppliseck.ch\/wordpress\/wp-json\/wp\/v2\/users\/50"}],"replies":[{"embeddable":true,"href":"https:\/\/chlueppliseck.ch\/wordpress\/wp-json\/wp\/v2\/comments?post=15377"}],"version-history":[{"count":1,"href":"https:\/\/chlueppliseck.ch\/wordpress\/wp-json\/wp\/v2\/posts\/15377\/revisions"}],"predecessor-version":[{"id":15388,"href":"https:\/\/chlueppliseck.ch\/wordpress\/wp-json\/wp\/v2\/posts\/15377\/revisions\/15388"}],"wp:attachment":[{"href":"https:\/\/chlueppliseck.ch\/wordpress\/wp-json\/wp\/v2\/media?parent=15377"}],"wp:term":[{"taxonomy":"category","embeddable":true,"href":"https:\/\/chlueppliseck.ch\/wordpress\/wp-json\/wp\/v2\/categories?post=15377"},{"taxonomy":"post_tag","embeddable":true,"href":"https:\/\/chlueppliseck.ch\/wordpress\/wp-json\/wp\/v2\/tags?post=15377"}],"curies":[{"name":"wp","href":"https:\/\/api.w.org\/{rel}","templated":true}]}}