{"id":15372,"date":"2025-03-24T16:34:34","date_gmt":"2025-03-24T15:34:34","guid":{"rendered":"https:\/\/chlueppliseck.ch\/wordpress\/?p=15372"},"modified":"2025-03-24T16:34:37","modified_gmt":"2025-03-24T15:34:37","slug":"fasnachtsweekend-wartau-2025","status":"publish","type":"post","link":"https:\/\/chlueppliseck.ch\/wordpress\/2025\/03\/24\/fasnachtsweekend-wartau-2025\/","title":{"rendered":"Fasnachtsweekend Wartau 2025"},"content":{"rendered":"\n<p>Der Verschwundene Bericht&#8230;<\/p>\n<p>Schon ein paar N\u00e4chte her ist das Fasnachtsweekend in Wartau. Manch einer mag sich fragen, wo denn der Bericht abgeblieben ist?<\/p>\n<p>Nun ja &#8211; Es gab ihn einfach nicht bis anhin \ud83d\ude05<\/p>\n<p>Der Musikus immer noch auf Wolke 7 schwebend, hat nun Famili\u00e4re Dinge zu kl\u00e4ren, statt in die Tastatur zu hauen, und einen weitere Berichte-Bestseller zu schreiben&#8230;<\/p>\n<p>Nun ja, nicht ganz! Aber so in etwa kommt es hin, und darum entschuldigt sich der Musikus M\u00e4se ganz fest bei allen treuen Lesern \u00fcber den bis anhin fehlenden Bericht.&nbsp;<\/p>\n<p>Am Samstag 14. M\u00e4rz zog es uns wieder einmal in Richtung Ostschweiz &#8211; Genauer nach Wartau! Ganz in der n\u00e4he von Tr\u00fcbbach wo unsere ehemalige Posaune Corina mit Familie und Kids zuhause ist. Ja Sie hat uns damals der Liebe wegen verlassen und ist in die Ferne gezogen&#8230; Schluchz \/ Heul \ud83d\ude2d<\/p>\n<p>Doch nun konnten wir Sie wiedersehen! Denn Sie besuchte uns nat\u00fcrlich wenn wir quasi vor Ihrer Haust\u00fcre spielen. \ud83e\udd73<\/p>\n<p>Ganz ungewohnt f\u00fcr uns Chl\u00fcpplis an dieser Fasnacht war die Schlafsituation. Schlafsituation? Ja Schlafsituation! Denn wir mussten getrennt \u00fcbernachten \ud83d\ude2d\ud83d\ude2d\ud83d\ude2d<\/p>\n<p>Ein Teil war bei Andrea und Edwin zuhause einquartiert, ein anderer Teil war im Feuerwehrdepot Zuhause und ein paar Chl\u00fcpplig\u00fcner zogen es vor Vor-Ort im Wohnwagen \/ Wohnmobil zu \u00fcbernachten. Wiederum andere machten die Nacht zum Tag &#8211; Dazu jedoch sp\u00e4ter mehr&#8230;<\/p>\n<p>Angekommen in Wartau starteten wir sp\u00e4t in den Samstag.<\/p>\n<p>Als 1. stand ein Monsterkonzert auf dem Programm &#8211; Ein Monsterkonzert so wie ich es als Musikus mag!&nbsp;<\/p>\n<p>Alle Guggen marschierten nach einander mit 1-2 St\u00fccken auf den Platz um sich zu pr\u00e4sentieren, um dann am Schluss noch 2-3 St\u00fccke zusammen zu spielen. Best of Both Worlds sozusagen! Jede einzelne Gugge kann Ihre eigenen St\u00e4rken zeigen, und doch kann das Publikum nachher noch einen grossartigen Sound erleben, wenn alle Guggen zusammen musizieren. So sollte dies sein!&nbsp;<\/p>\n<p>Danach ging es dann an die Beizenfasnacht &#8211; Ganz klassisch und so wie es uns gef\u00e4llt! Wir als nicht &#8222;all zu grosse&#8220; Gugge haben immer Freude an Beizenfasnachten.<\/p>\n<p>Sonst auf der Strasse sieht es aber f\u00fcr die Region welche als Fasnachtshochburg bekannt ist ziemlich leer aus&#8230;&nbsp;<\/p>\n<p>Und trotzdem heizten wir in den Beizen und auf der B\u00fchne im grossen Zelt den Leute m\u00e4chtig ein!<\/p>\n<p>Bis in die fr\u00fchen Morgenstunden wurde gefeiert&#8230;&nbsp;<\/p>\n<p>Ein Whatsapp &#8222;S\u00e4mi in 5 Min bi de Gitter&#8220; gfolgt vu: Chumme seperat nocheee \u2764\ufe0f &#8211; Ja da wusste unser S\u00e4mi noch nicht, das er nachher eine Taxifahrt f\u00fcr viel Geld in Anspruch nehmen wird, und dann aber doch noch nicht im Bett ist, sondern noch 30 Minuten steil den Berg hochlaufen muss! Das n\u00e4chste mal wird er wohl eher: &#8222;Chume au gad mit&#8220; schreiben \ud83e\udd23<\/p>\n<p>Und so war dann auch schon Sonntag morgen&#8230;&nbsp;<\/p>\n<p>Alle die in Pf\u00e4fers stationiert waren konnten in der Klinik Pf\u00e4fers ein feines Fr\u00fchst\u00fcck geniessen, w\u00e4hrend andere bereits an den Zunftmeister Empfang mussten&#8230; Oder sollte ich sagen sollten!?!?<\/p>\n<p>Ja der Musikus sollte eigentlich um 10:00 Uhr am Zunftmeisterempfang sein, hat er aber schlichtweg&#8217;s vergessen! Ja die Liebe raubt einem den Verstand! (Oder den Schlaf ?!?) &#8211; Naja &#8211; Zum Gl\u00fcck ist unsere Organisatorin Andrea gut vernetzt in Ihren heimischen Gefielden, und so bekam Sie die Infos f\u00fcr Startnummer am Umzug und dem Vorgehen bequem per Whatsapp&#8230;<\/p>\n<p>Der Umzug war sch\u00f6n, trotz Fasnachtswagen mit Sound vor uns und nat\u00fcrlich auch hinter uns. Zum Gl\u00fcck strahlte der eine Wagen haupts\u00e4chlich nach Vorne Sound ab und der andere nach hinten&#8230;. So konnten wir gem\u00fctlich zwischen den Wagen unsere Musik zum besten bringen. Livemusik mit Blech und Schlag ist halt schon sch\u00f6ner als diese Boom Boom Musik aus der Konserve&#8230;<\/p>\n<p>Den Umzug meisterten wir bravour\u00f6s, mit \u00dcberraschung f\u00fcr den Musikus. Der Grund seines Schlaflosen N\u00e4chte und der pl\u00f6tzlichen Amnesie gepaart mit der Vergesslichkeit kam Ihn \u00fcberraschender Weise besuchen. Sein Herz schlug fast so laut wie die Pauken von Manu, Ronny und Samy! Man h\u00f6rte es Kilometer weit!<\/p>\n<p>Es war nun Zeit f\u00fcr den letzten Auftritt im prall gef\u00fcllten Zelt! &#8211; Nochmals kurz zeigen was die Chl\u00fcpplis so auf dem Kasten haben und dann ab nach Hause!<\/p>\n<p>&nbsp;<\/p>\n<p>&nbsp;<\/p>\n<p>&nbsp;<\/p>\n","protected":false},"excerpt":{"rendered":"<p>Der Verschwundene Bericht&#8230; Schon ein paar N\u00e4chte her ist das Fasnachtsweekend in Wartau. Manch einer mag sich fragen, wo denn der Bericht abgeblieben ist? Nun ja &#8211; Es gab ihn einfach nicht bis anhin \ud83d\ude05 Der Musikus immer noch auf Wolke 7 schwebend, hat nun Famili\u00e4re Dinge zu kl\u00e4ren, statt in die Tastatur zu hauen,&#8230;<\/p>\n","protected":false},"author":50,"featured_media":0,"comment_status":"open","ping_status":"open","sticky":false,"template":"","format":"standard","meta":{"ngg_post_thumbnail":0,"_jetpack_memberships_contains_paid_content":false,"footnotes":""},"categories":[1],"tags":[],"class_list":["post-15372","post","type-post","status-publish","format-standard","hentry","category-uncategorized"],"jetpack_featured_media_url":"","jetpack_sharing_enabled":true,"_links":{"self":[{"href":"https:\/\/chlueppliseck.ch\/wordpress\/wp-json\/wp\/v2\/posts\/15372","targetHints":{"allow":["GET"]}}],"collection":[{"href":"https:\/\/chlueppliseck.ch\/wordpress\/wp-json\/wp\/v2\/posts"}],"about":[{"href":"https:\/\/chlueppliseck.ch\/wordpress\/wp-json\/wp\/v2\/types\/post"}],"author":[{"embeddable":true,"href":"https:\/\/chlueppliseck.ch\/wordpress\/wp-json\/wp\/v2\/users\/50"}],"replies":[{"embeddable":true,"href":"https:\/\/chlueppliseck.ch\/wordpress\/wp-json\/wp\/v2\/comments?post=15372"}],"version-history":[{"count":1,"href":"https:\/\/chlueppliseck.ch\/wordpress\/wp-json\/wp\/v2\/posts\/15372\/revisions"}],"predecessor-version":[{"id":15373,"href":"https:\/\/chlueppliseck.ch\/wordpress\/wp-json\/wp\/v2\/posts\/15372\/revisions\/15373"}],"wp:attachment":[{"href":"https:\/\/chlueppliseck.ch\/wordpress\/wp-json\/wp\/v2\/media?parent=15372"}],"wp:term":[{"taxonomy":"category","embeddable":true,"href":"https:\/\/chlueppliseck.ch\/wordpress\/wp-json\/wp\/v2\/categories?post=15372"},{"taxonomy":"post_tag","embeddable":true,"href":"https:\/\/chlueppliseck.ch\/wordpress\/wp-json\/wp\/v2\/tags?post=15372"}],"curies":[{"name":"wp","href":"https:\/\/api.w.org\/{rel}","templated":true}]}}