{"id":15223,"date":"2025-02-25T22:55:04","date_gmt":"2025-02-25T21:55:04","guid":{"rendered":"https:\/\/chlueppliseck.ch\/wordpress\/?p=15223"},"modified":"2025-02-25T23:24:48","modified_gmt":"2025-02-25T22:24:48","slug":"fasnachtsweekend-lenggenwil-2025","status":"publish","type":"post","link":"https:\/\/chlueppliseck.ch\/wordpress\/2025\/02\/25\/fasnachtsweekend-lenggenwil-2025\/","title":{"rendered":"Fasnachtsweekend Lenggenwil 2025"},"content":{"rendered":"\n<p>Was f\u00fcr ein Traumhaftes Wochenende!&nbsp;<\/p>\n<p>Am Freitag Abend war es soweit und uns zog es nach Lenggenwil SG &#8211; Die Chl\u00fcpplig\u00fcner (Camping-Gugge) Chl\u00fcppliseck sattelten Pferd und Wagen und machten sich auf &#8211; an die 3-t\u00e4gige Fasnacht in Lenggenwil &#8211; 3 Tage Konfetti, gute Musik und Geselligkeit!<\/p>\n<p>Am sp\u00e4teren Nachmittag bezogen wir direkt beim Fasnachtsgel\u00e4nde unseren Camping Platz, bzw. unseren zur Verf\u00fcgung gestellten Platz. Vielen Dank an dieser Stelle dem OK f\u00fcr den Platz.<\/p>\n<p><strong>Sogar mit Strom! WICHTIG f\u00fcr den Kaffee am Morgen!<\/strong><\/p>\n<p><img data-recalc-dims=\"1\" decoding=\"async\" src=\"https:\/\/i0.wp.com\/chlueppliseck.ch\/wordpress\/wp-content\/gallery\/fasnachtsweekend-lenggenwil-2025\/WhatsApp-Bild-2025-02-22-um-11.51.43_6c402b53.jpg?w=644&#038;ssl=1\"><\/p>\n<p>Am Abend waren wir dann am Clownball eingeladen, wo die Auftrittszeiten ausgelost werden!<\/p>\n<p>Aber bevor es ans auslosen geht, gibt es zuerst die ber\u00fchmte Lasagne von Lenggenwil!<\/p>\n<p>Von dieser hatten wir ja schon letztes Jahr geschw\u00e4rmt. Und auch dieses Jahr war es wieder einfach himmlisch diese Lasagne. Das Fleisch zu Sauce Verh\u00e4ltnis im Konsens mit den Lasagne Bl\u00e4ttern einfach ein Traum.&nbsp;<\/p>\n<p>Danach die Auslosung f\u00fcr die Spielzeit &#8211; Wird es sp\u00e4t am Abend sein, oder vielleicht gar in den fr\u00fchen Morgenstunden? &#8211; Nein &#8211; Unsere Gl\u00fccksfee und Oberguggerin zog das Los und *Trommelwirbel* &#8211; 20:30 Uhr perfekt.<\/p>\n<p>Spielen und die Leute anheizen, dass Schlagerzelt in Fasnachts-Stimmung bringen und danach gem\u00fctlich die Fasnacht geniessen.&nbsp;<\/p>\n<p>A pro pos Gem\u00fctlich &#8211; Nach dem Auftritt teilten sich dann die Chl\u00fcpplis auf die einen zog es ins Schlagerzelt, die anderen in die Turnhalle und wieder andere zog es in die Altherrenstube. In der Altherrenstube gab es Blasmusik vom feinsten und es war kuschelig warm&#8230;<\/p>\n<p>&nbsp;<\/p>\n<p><img data-recalc-dims=\"1\" decoding=\"async\" class=\"aligncenter\" src=\"https:\/\/i0.wp.com\/chlueppliseck.ch\/wordpress\/wp-content\/gallery\/fasnachtsweekend-lenggenwil-2025\/WhatsApp-Bild-2025-02-21-um-21.34.40_1677eb86.jpg?w=644&#038;ssl=1\"><\/p>\n<p>Gerade zu Heiss! \ud83d\udd25<\/p>\n<p><img data-recalc-dims=\"1\" decoding=\"async\" class=\"aligncenter\" src=\"https:\/\/i0.wp.com\/chlueppliseck.ch\/wordpress\/wp-content\/gallery\/fasnachtsweekend-lenggenwil-2025\/WhatsApp-Bild-2025-02-21-um-22.55.38_3cae4890.jpg?w=644&#038;ssl=1\"><\/p>\n<p>Oder ziemlich bunt \ud83d\udd34 \ud83d\udd35 \ud83d\udfe3 \u200b\u200b\ud83d\udfe0\u200b \ud83d\udfe1\u200b \ud83d\udfe2\u200b \u200b\ud83d\udfe3 \u200b\ud83d\udfe4\u200b<\/p>\n<p><img data-recalc-dims=\"1\" decoding=\"async\" class=\"aligncenter\" src=\"https:\/\/i0.wp.com\/chlueppliseck.ch\/wordpress\/wp-content\/gallery\/fasnachtsweekend-lenggenwil-2025\/WhatsApp-Bild-2025-02-23-um-17.38.54_7f978d3d.jpg?w=644&#038;ssl=1\"><\/p>\n<p>Bis in die sp\u00e4te Nacht hinein wurde gefeiert und die Fasnacht genossen&#8230;<\/p>\n<hr>\n<p>Am Samstag ging dann die Party weiter, doch bevor es soweit war &#8211; Was machten denn die Chl\u00fcpplis den ganzen langen Samstag bis es am Abend dann weiter geht am legend\u00e4ren Lenggiball?<\/p>\n<p>Nun ja die Chl\u00fcpplig\u00fcner genossen den Samstag mit Sonnen anbeten und was wohl? Genau! Essen und trinken! Und nein nicht einfach etwas fertiges aus der Dose oder so, nein nein auf dem Parkplatz wurde von D\u00f6lf kurzerhand der R\u00e4ucherofen aufgebaut und ein paar Fischli ger\u00e4uchert. \ud83d\ude0b<\/p>\n<p><img data-recalc-dims=\"1\" decoding=\"async\" src=\"https:\/\/i0.wp.com\/chlueppliseck.ch\/wordpress\/wp-content\/gallery\/fasnachtsweekend-lenggenwil-2025\/WhatsApp-Bild-2025-02-22-um-15.50.00_a5cbb5ad.jpg?w=644&#038;ssl=1\"><\/p>\n<p><img data-recalc-dims=\"1\" decoding=\"async\" src=\"https:\/\/i0.wp.com\/chlueppliseck.ch\/wordpress\/wp-content\/gallery\/fasnachtsweekend-lenggenwil-2025\/WhatsApp-Bild-2025-02-22-um-16.23.11_14b7c41b.jpg?w=644&#038;ssl=1\"><\/p>\n<p>Welch ein Festmahl! Vielen Dank D\u00f6lf! Und wisst Ihr was? Der Bonus war das unser lieber D\u00f6lf so mit dem r\u00e4uchern besch\u00e4ftigt war, das er glatt vergass zu Reden \ud83e\udd17\ud83d\ude1cWelch Stille!&nbsp;<\/p>\n<p>Doch gegen Abend mussten wir uns ja wieder bereit machen, der n\u00e4chste Auftritt stand bevor &#8211; Diesmal um 00:00 Uhr wieder im Schlagerzelt, doch bevor es soweit war holten einige Chl\u00fcpplis noch ein bisschen Schlaf nach, der Musikus und Silvan z.b. brauchten ein Powernap nach den Sonnenstunden.&nbsp;<\/p>\n<p>Doch bereits aktiv war unser Janic!<\/p>\n<p>M\u00f6gt Ihr euch an den Tauschbasar letztes mal in Lenggenwil erinnern?<\/p>\n<p>Von einem leeren Bierharass zu einem Tanga &#8211; in einer Nacht!&nbsp;<\/p>\n<p>Auch dieses mal war Headhunter Janic aktiv und riss sich dieses mal nach kurzer Zeit einen BH an sich. Wie und wo er diesen wieder ergattert hat bleibt wohl ein Geheimnis aber Chapeau! Weiss wohl die Dame dass Sie Ihren BH gar nicht mehr hat? Hat Janic evtl. Magic Fingers und zieht den M\u00e4dels die BH&#8217;s aus ohne das Sie es merken? Man(n) weiss es nicht so genau&#8230;<\/p>\n<p>Wiederum genossen wir nat\u00fcrlich die Fasnachtsparty in vollen Z\u00fcgen!&nbsp;<\/p>\n<p>Wir spielten im Schlagerzelt auf und konnten die Leute f\u00fcr uns begeistern&#8230;<\/p>\n<p>Nach der Show ging es dann wieder ans Kontakte kn\u00fcpfen&#8230;.&nbsp;<\/p>\n<p>Unser lieber D\u00f6lf wurde nach dem Auftritt gleich in Anspruch genommen, eine junge h\u00fcbsche Dame hat sich sogleich in sein Haar verliebt &#8211; Wer will erraten, welchen Job die junge Dame aus\u00fcbt? &#8211; Richtig Coiffeuse! &#8211; Der\/Die Kandidat*in \/ oder es, oder wer auch immer hat 100 Punkte.<\/p>\n<p>Die junge Dame wollte uns das Leben erkl\u00e4ren &#8211; uns alten Herren \ud83d\ude02 Spannend wars ja, das kann man nicht verneinen&#8230; Aber h\u00fcbsch war er danach unser D\u00f6lf.&nbsp;<\/p>\n<p><img data-recalc-dims=\"1\" decoding=\"async\" src=\"https:\/\/i0.wp.com\/chlueppliseck.ch\/wordpress\/wp-content\/gallery\/fasnachtsweekend-lenggenwil-2025\/WhatsApp-Bild-2025-02-23-um-01.33.59_ef044b1e.jpg?w=644&#038;ssl=1\"><\/p>\n<p>&nbsp;<\/p>\n<hr>\n<p>Nun war mittlerweile Sonntag! Und es stand der grosse Lenggenwiler Fasnachtsumzug an! 15 &#8211; 17&#8217;000 Menschen am Umzug in dieser kleinen Gemeinde der Wahnsinn! Doch bevor es soweit ist, muss nat\u00fcrlich das marschieren noch ge\u00fcbt werden &#8211; Nein nicht wir &#8211; Das k\u00f6nnen wir bereits!<\/p>\n<p>Aber eine Gugge &#8211; Keine Ahnung welche &#8211; \u00fcbte bereits um ca. 10 Uhr ihren Auftritt am Umzug &#8211; Marschieren konnten Sie &#8211; Aber das mit dem Spielen \u00fcben wir nochmals! Es klang grausam! Nun wissen wir wieder warum es Leute gibt, welche Guggen als Katzenmusik oder als Chaosmusik bezeichnen und diese nicht m\u00f6gen. In diesem speziellen Fall m\u00fcssen wir Ihnen wohl rechtgeben.<\/p>\n<p>Anyway &#8211; Ach ja wegen dem grossen Umzug. Andrea unsere Organisatorin machte sich auf den Weg um unsere Startnummer abzuholen und begab sich dann auch sogleich zum Startpunkt. Dann wiederum kurz ein bisschen Stress &#8211; Der Startpunkt war doch ein bisschen weit entfernt und wir mussten uns beeilen um noch rechtzeitig durch den Umzug zu kommen bevor dieser dann startete&#8230;<\/p>\n<p>Und weil wir so schnell vor Ort sein mussten, konnten die einen oder anderen nicht mehr auf Klo&#8230; Was machen die Chl\u00fcpplis dann in so einem Moment? Richtig! Eine mobile Drachenwand um neugierige Blicke abzuschotten&#8230; Und dass sieht dann ungef\u00e4hr so aus:<\/p>\n<p><img data-recalc-dims=\"1\" decoding=\"async\" src=\"https:\/\/i0.wp.com\/chlueppliseck.ch\/wordpress\/wp-content\/gallery\/fasnachtsweekend-lenggenwil-2025\/WhatsApp-Bild-2025-02-25-um-16.44.05_73036894.jpg?w=644&#038;ssl=1\"><\/p>\n<p>Und danach ging es dann los der grosse Umzug in Lenggenwil war gestartet&#8230; Und wir warteten und warteten und warteten nat\u00fcrlich mit unserer Startnummer eine gr\u00f6ssere Weile bis es dann endlich auch f\u00fcr uns los ging.&nbsp;<\/p>\n<p>Der Umzug war sehr gut mit Leute ums\u00e4umt richtig sch\u00f6n! Auch an Konfetti hat es nicht gefehlt. Richtig sch\u00f6n!&nbsp;<\/p>\n<p><img data-recalc-dims=\"1\" decoding=\"async\" src=\"https:\/\/i0.wp.com\/chlueppliseck.ch\/wordpress\/wp-content\/gallery\/fasnachtsweekend-lenggenwil-2025\/WhatsApp-Bild-2025-02-25-um-16.44.00_4cc744c4.jpg?w=644&#038;ssl=1\"><\/p>\n<p>Nun sind wir am Ende dieses Berichtes angekommen und freuen uns nun auf ein freies Wochenende!<\/p>\n<p><strong>Und zum Schluss &#8211; Priis!<\/strong><\/p>\n<p><img data-recalc-dims=\"1\" decoding=\"async\" src=\"https:\/\/i0.wp.com\/chlueppliseck.ch\/wordpress\/wp-content\/gallery\/fasnachtsweekend-lenggenwil-2025\/WhatsApp-Bild-2025-02-23-um-14.28.09_f7faf20c.jpg?w=644&#038;ssl=1\"><\/p>\n<p>&nbsp;<\/p>\n\n\n","protected":false},"excerpt":{"rendered":"<p>Was f\u00fcr ein Traumhaftes Wochenende!&nbsp; Am Freitag Abend war es soweit und uns zog es nach Lenggenwil SG &#8211; Die Chl\u00fcpplig\u00fcner (Camping-Gugge) Chl\u00fcppliseck sattelten Pferd und Wagen und machten sich auf &#8211; an die 3-t\u00e4gige Fasnacht in Lenggenwil &#8211; 3 Tage Konfetti, gute Musik und Geselligkeit! Am sp\u00e4teren Nachmittag bezogen wir direkt beim Fasnachtsgel\u00e4nde unseren&#8230;<\/p>\n","protected":false},"author":50,"featured_media":0,"comment_status":"open","ping_status":"open","sticky":false,"template":"","format":"standard","meta":{"ngg_post_thumbnail":0,"_jetpack_memberships_contains_paid_content":false,"footnotes":""},"categories":[1],"tags":[],"class_list":["post-15223","post","type-post","status-publish","format-standard","hentry","category-uncategorized"],"jetpack_featured_media_url":"","jetpack_sharing_enabled":true,"_links":{"self":[{"href":"https:\/\/chlueppliseck.ch\/wordpress\/wp-json\/wp\/v2\/posts\/15223","targetHints":{"allow":["GET"]}}],"collection":[{"href":"https:\/\/chlueppliseck.ch\/wordpress\/wp-json\/wp\/v2\/posts"}],"about":[{"href":"https:\/\/chlueppliseck.ch\/wordpress\/wp-json\/wp\/v2\/types\/post"}],"author":[{"embeddable":true,"href":"https:\/\/chlueppliseck.ch\/wordpress\/wp-json\/wp\/v2\/users\/50"}],"replies":[{"embeddable":true,"href":"https:\/\/chlueppliseck.ch\/wordpress\/wp-json\/wp\/v2\/comments?post=15223"}],"version-history":[{"count":13,"href":"https:\/\/chlueppliseck.ch\/wordpress\/wp-json\/wp\/v2\/posts\/15223\/revisions"}],"predecessor-version":[{"id":15243,"href":"https:\/\/chlueppliseck.ch\/wordpress\/wp-json\/wp\/v2\/posts\/15223\/revisions\/15243"}],"wp:attachment":[{"href":"https:\/\/chlueppliseck.ch\/wordpress\/wp-json\/wp\/v2\/media?parent=15223"}],"wp:term":[{"taxonomy":"category","embeddable":true,"href":"https:\/\/chlueppliseck.ch\/wordpress\/wp-json\/wp\/v2\/categories?post=15223"},{"taxonomy":"post_tag","embeddable":true,"href":"https:\/\/chlueppliseck.ch\/wordpress\/wp-json\/wp\/v2\/tags?post=15223"}],"curies":[{"name":"wp","href":"https:\/\/api.w.org\/{rel}","templated":true}]}}