{"id":15145,"date":"2025-02-19T23:55:22","date_gmt":"2025-02-19T22:55:22","guid":{"rendered":"https:\/\/chlueppliseck.ch\/wordpress\/?p=15145"},"modified":"2025-02-25T23:00:32","modified_gmt":"2025-02-25T22:00:32","slug":"fasnachtsweekend-pigna-floor-kloten-ruetlipub-bassersdorf-bad-buchau-de","status":"publish","type":"post","link":"https:\/\/chlueppliseck.ch\/wordpress\/2025\/02\/19\/fasnachtsweekend-pigna-floor-kloten-ruetlipub-bassersdorf-bad-buchau-de\/","title":{"rendered":"Fasnachtsweekend Pigna + Floor Kloten \/ R\u00fctlipub Bassersdorf \/ Bad Buchau (DE)"},"content":{"rendered":"\n\n\n<p>Einmal ein Chl\u00fcppli &#8211; Immer en Sack!&nbsp;<\/p>\n<p>Moor &#8211; Ochs!<\/p>\n<p>Narri &#8211; Narro<\/p>\n<p>Spielend ihr faulen Hunde!<\/p>\n<p>usw.<\/p>\n<p>And Love is in the Air \ud83d\udc97<\/p>\n<hr>\n<p>Und das n\u00e4chste geballte und vollgepackte Fasnachtsweekend stand f\u00fcr uns Chl\u00fcpplis auf dem Programm&#8230; 3 Tage Fasnacht Pur!<\/p>\n<p>Am Freitag 14.02.25 starteten wir in der Pigna in Kloten &#8211; Ein Herzens Auftritt! \ud83d\udc97<\/p>\n<p>Wir durften zusammen mit den Bewohnern der Pigna Kloten einen Umzug der besonderen Art bestreiten&#8230; 1x Rund um die Pigna in Schlaufen und Kurven und um scharfe Ecken&#8230;<\/p>\n<p>Immer wieder sch\u00f6n zu sehen wie die Bewohner Freude an der Fasnacht haben, und diese auch mit uns ausleben k\u00f6nnen \ud83c\udf89 Wir wurden mit Pauken und Trommeln lautstark begleitet, nicht immer im Takt, darum hatte unsere Rhythmus Sektion alle H\u00e4nde voll zu tun uns den korrekten Takt zu geben \ud83e\udd41<\/p>\n<p>Nach dem Umzug gabs dann Verpflegung mit feinen Berliner! Vielen herzlichen Dank! Und wir gingen Steil mit Mineralwasser STILL und LAUT! Quasi eine Eskalation!<\/p>\n<p>Ja ihr h\u00f6rt richtig! Mineralwasser &#8211; Etwas was die Chl\u00fcpplis nur mit grossem Abstand und aus der Ferne vom h\u00f6ren &#8211; sagen kennen&#8230; Doch Manu unser Held befreite die Chl\u00fcpplis aus dieser Misere und brachte das Lebenselixier Bier mit! Zum Wohl&#8230;&nbsp;<\/p>\n<p>Ihr fragt euch wie unterhopfte Chl\u00fcpplis aussehen?&nbsp;<\/p>\n<p><img data-recalc-dims=\"1\" decoding=\"async\" src=\"https:\/\/i0.wp.com\/chlueppliseck.ch\/wordpress\/wp-content\/gallery\/weekend-kloten-pigna-floor-ruetlipub-bassersdorf-fasnacht-bad-buchau-de\/WhatsApp-Bild-2025-02-14-um-14.34.29_a2d2a86d.jpg?w=644&#038;ssl=1\"><\/p>\n<p>Blass und Fahl &#8211; Eingefallene Gesichtsz\u00fcge &#8211; Ein unsch\u00f6nes Bild&#8230;<\/p>\n<p><img data-recalc-dims=\"1\" decoding=\"async\" src=\"https:\/\/i0.wp.com\/chlueppliseck.ch\/wordpress\/wp-content\/gallery\/weekend-kloten-pigna-floor-ruetlipub-bassersdorf-fasnacht-bad-buchau-de\/WhatsApp-Bild-2025-02-14-um-14.50.19_5f45e194.jpg?w=644&#038;ssl=1\"><\/p>\n<p>Bild f\u00fcr die Geschichte &#8211; Chl\u00fcpplis mit Mineralwasser!!!&nbsp;<\/p>\n<p>Aber weiter gehts nun &#8211; Nach einer kurzen Pause mit gemeinsamen Nachtessen in unserer Guggenstall und einem Gruss an unsere finnische Austausch Spielerin Aino&#8230;<\/p>\n<p><img data-recalc-dims=\"1\" decoding=\"async\" src=\"https:\/\/i0.wp.com\/chlueppliseck.ch\/wordpress\/wp-content\/gallery\/weekend-kloten-pigna-floor-ruetlipub-bassersdorf-fasnacht-bad-buchau-de\/WhatsApp-Bild-2025-02-14-um-17.39.16_52120235.jpg?w=644&#038;ssl=1\"><\/p>\n<p>Nach der St\u00e4rkung ging es dann am Abend weiter in den Floor Club Kloten &#8211; Guggenparty!<\/p>\n<p>Leider kann ich euch hier keine Bilder zeigen, denn nicht alle sind so schnell mit den Fotos und den Berichten wie der Musikus M\u00e4se &#8211; Ja der Musikus is back on Track! Vielen Dank an dieser Stelle der Redaktion Popotrugloe f\u00fcr den Bericht der KiFa-B\u00fclach \/ KiFa-Chloote, w\u00e4hrend der Musikus im Auftrag der Liebe unterwegs war&#8230;<\/p>\n<p>Ein sch\u00f6ner Auftritt mit einigen anderen Guggenmusiken &#8211; Wir konnten den Startschuss setzen und die Leute in Stimmung bringen, bevor dann die anderen Guggen weiter machten&#8230;<\/p>\n<p>Gerne h\u00e4tten wir noch eine Weile den anderen Guggen zugeh\u00f6rt und Party gemacht, aber es ging bereits wieder weiter! Und zwar ins R\u00fctlipub in Bassersdorf.<\/p>\n<p>Im R\u00fctlipub in Bassersdorf durften wir einer kleinen aber feinen Gruppe von chilligen Leuten unsere Musik zum besten geben! Der Musikus hinter der Bar am fuchteln, springen und die Chl\u00fcpplis im ganzen Pub verteilt! Halt so richtig Beizenfasnacht Style &#8211; Geil! Vielen Dank an Marc und Petra f\u00fcr das Getr\u00e4nk!<\/p>\n<hr>\n<p>Am Samstag 15.02.25 ging es dann nach Bad Buchau in Deutschland<\/p>\n<p>Unser Hotel bezogen, machten wir es uns gem\u00fctlich im Hotel Kreuz in Bad Buchau, nach dem Zimmerbezug bei Receptionist und K\u00fcchenchef &#8211; Prinz Valium. Ein ganz gem\u00fctlicher Typ, welcher sicherlich nicht nach Worten oder Geschwindigkeit bezahlt wird^^<\/p>\n<p>Irgendwie werden da Erinnerungen an Rheinfelden wach^^<\/p>\n<p>Gem\u00fctlich liessen wir uns im Hotelzimmer einstimmen &#8211; Schon spannend wie viele Chl\u00fcpplis so in ein Hotelzimmer passen!&nbsp;<\/p>\n<p><img data-recalc-dims=\"1\" decoding=\"async\" src=\"https:\/\/i0.wp.com\/chlueppliseck.ch\/wordpress\/wp-content\/gallery\/weekend-kloten-pigna-floor-ruetlipub-bassersdorf-fasnacht-bad-buchau-de\/WhatsApp-Bild-2025-02-15-um-15.51.30_9f94d79d.jpg?w=644&#038;ssl=1\"><\/p>\n<p>Gegen den Abend hin machten wir uns dann auf den Weg zu den Moor Ochsen von Bad Buchau &#8211; Die ans\u00e4ssige Fasnachtsgesellschaft empfing uns mit Bier und feinsten Meterbroten&#8230; Alles was das Herz h\u00f6her schlagen liess war vorhanden&#8230;. Unser lieber D\u00f6lf liess es sich nicht nehmen und setzte sich direkt an den Stammtisch Kontakte kn\u00fcpfen und so&#8230; Er wollte wohl insgeheim ein Ochs werden \ud83d\udc02 (Oder vielleicht ist er es schon?)<\/p>\n<p>Beim Plaudern im Vereinseigenen Lokal der Moorochsen wurde dann von Andrea festgestellt das wir morgen am Sonntag nicht nur mit 2-3 Leuten an den Zunftmeister Empfang gehen werden. NEIN! Die ganze Gugge war eingeplant f\u00fcr diese Zeremonie. \u00dcberraschung! Doch unserer Organisatorin Andrea konnte nat\u00fcrlich auf die \u00e4usserst flexiblen Chl\u00fcpplis setzen &#8211; Nachricht in Chat &#8211; Morgen Sonntag 09:00 Uhr bereit &#8211; Geschminkt &#8211; Ges\u00e4ttigt und bereit f\u00fcr weitere Fasnachtspower&#8230;<\/p>\n<p>Schnell ein Gruppenfoto gemacht, ging es dann ans Narrenbaumstellen im Dorf. Viele Leute und viele N\u00e4rrische Rufe wie im Intro &#8211; Ist halt schon was spezielles diese Deutsche Fasnet. Moor &#8211; Ochs!&nbsp;<\/p>\n<p>Mit geb\u00fcndelten Kr\u00e4ften pushten wir die Narrenbaumsteller bis ans Limit, damit der Narrenbaum mit der Kraft der Musik senkrecht stand&#8230; Die Fasnet ist er\u00f6ffnet \ud83e\udd29<\/p>\n<p>Ein Umzug durchs Dorf und ab in die Federsee Halle&#8230; Fasnachtsparty mit stimmungsvoller Musik.&nbsp;<\/p>\n<p>Zumindest rein theoretisch!<\/p>\n<p>Der DJ hatte wohl beim Einpegeln der Anlage vergessen das die Musik nicht nur aus B\u00e4ssen besteht, sondern um zu wirken auch Mittelt\u00f6ne und Hocht\u00f6ne ben\u00f6tigt. Es klang so Dumpf, das die Musik nicht wirklich genossen werden konnte.&nbsp;<\/p>\n<p>Zum Gl\u00fcck durften die Guggen dann gleich aufspielen! Das klingt doch bereits viel viel besser!<\/p>\n<p>Trotz unserer kleinen Gr\u00f6sse konnten wir in der Halle so richtig Stimmung aufkommen lassen. Wir spielten was das Zeug h\u00e4lt und konnten viele Fans dazugewinnen&#8230;&nbsp;<\/p>\n<p>Nach dem Auftritt konnten wir dann viele Kontakte kn\u00fcpfen und mit gleichgesinnten uns Austauschen.<\/p>\n<p>Ja ich glaube wir haben einen guten Eindruck hinterlassen&#8230;<\/p>\n<p>Aber nun zur\u00fcck &#8211; Wie Eingangs erw\u00e4hnt &#8211; Love is in the Air! \ud83d\udc97<\/p>\n<p>Nein nicht nur der Musikus, welcher nun im Besitz einer stylischen Rosaroten Brille ist (Vielen Dank an Popotrugloe), sondern auch ein weiteres Mitglied kommt in den Genuss von Liebe &#8211; Unser lieber Ronny ist auch in Love &#8211; Wer mag denn die gl\u00fcckliche sein? &#8211; K\u00f6nnte es vielleicht ein Mitglied aus den eigenen Reihen sein? \ud83d\udc9e Ach wie sch\u00f6n&#8230;<\/p>\n<p>Liebe befl\u00fcgelt doch im wahrsten Sinn des Wortes!<\/p>\n<p>Ronny schwebt auf Wolke 7 &#8211; Auch ohne seinen heissgeliebten Hubwagen im Schluefsaal&#8230;<\/p>\n<p><img data-recalc-dims=\"1\" decoding=\"async\" src=\"https:\/\/i0.wp.com\/chlueppliseck.ch\/wordpress\/wp-content\/gallery\/kinderfasnacht-buelach-kinderfasnacht-chloote-2025\/WhatsApp-Bild-2025-02-09-um-18.05.52_6fc47345.jpg?w=644&#038;ssl=1\"><\/p>\n<p>Doch ich schweife ab! Entschuldigt&#8230; Der morgen nahte, doch dies hielt einige Chl\u00fcpplis nicht davon ab noch einen Abstecher in die Lokale Bar zu t\u00e4tigen, bis in die fr\u00fchen Morgenstunden&#8230;<\/p>\n<hr>\n<p>Am Sonntag 16.02.25<\/p>\n<p>Ja die fr\u00fchen Morgenstunden&#8230; P\u00fcnktlich um 08:00 Uhr standen wir also am Morgenbuffet&#8230; Die Gesichter noch leicht mit Schlaf \u00fcberzogen. Aber da hilft ja bekanntlich der Kaffee&#8230; Also theoretisch, denn Ihr wisst ja was in den Hotels f\u00fcr eine wasserl\u00f6sliche Br\u00fche gereicht wird \ud83e\udee2 Runter damit! Wird schon helfen!<\/p>\n<p>Auf geht&#8217;s zum Zunftmeister &#8211; im Kulturzentrum! Wohlgemerkt &#8211; Erwartete uns ein weiss gedeckter Tisch mit allem was man so braucht zum Zn\u00fcni \ud83d\ude0b<\/p>\n<p><img data-recalc-dims=\"1\" decoding=\"async\" src=\"https:\/\/i0.wp.com\/chlueppliseck.ch\/wordpress\/wp-content\/gallery\/weekend-kloten-pigna-floor-ruetlipub-bassersdorf-fasnacht-bad-buchau-de\/WhatsApp-Bild-2025-02-16-um-09.14.32_2478fd7c.jpg?w=644&#038;ssl=1\"><\/p>\n<p>Trinken und Essen und das alles gesponsert von den Moor &#8211; Ochsen! Vielen herzlichen Dank!&nbsp;<\/p>\n<p>W\u00e4hrend dem Zunftmeister durften wir immer wieder mal kurz spielen &#8211; das ganze zog sich ein bisschen in die L\u00e4nge aber wie sagt man so sch\u00f6n? Andere L\u00e4nder andere Sitten&#8230;&nbsp;<\/p>\n<p>Mit n\u00e4rrischen Rufen wie im Eingang ging so der morgen rum&#8230; Und dann kam auch sogleich das Mittagessen.. Ebenfalls Kostenlos f\u00fcr uns! Hammer!<\/p>\n<p><img data-recalc-dims=\"1\" decoding=\"async\" src=\"https:\/\/i0.wp.com\/chlueppliseck.ch\/wordpress\/wp-content\/gallery\/weekend-kloten-pigna-floor-ruetlipub-bassersdorf-fasnacht-bad-buchau-de\/WhatsApp-Bild-2025-02-16-um-11.52.05_98f267ca.jpg?w=644&#038;ssl=1\"><\/p>\n<p>Danach ging es dann ab an den Umzug&#8230; P\u00fcnktlich standen wir bereit zum Umzugsstart um 13:33 Uhr &#8211; Ein grosser Fehler wie wir dann sp\u00e4ter merkten! In eisiger K\u00e4lte und bei Bieswind standen wir \u00fcber 1,25 Stunden auf der Strasse und bewegten uns keinen Millimeter! Als es dann endlich losging waren wir froh und mit dem Spielen wurde es dann auch wieder w\u00e4rmer&#8230; Ein sch\u00f6ner Umzug durch das Dorf mit vielen Leuten am Strassenrand&#8230; Jeden Meter kosteten wir aus und spielten uns in die Herzen der Bad Buchauer und Federnsee Region&#8230;<\/p>\n<p>Nochmals vielen Dank an die Moor &#8211; Ochs Fasnachtsgesellschaft f\u00fcr die Gastfreundschaft und die tolle Fasnet!<\/p>\n<p>Euer Musikus&#8230;<\/p>\n<p>&nbsp;<\/p>\n<p>&nbsp;<\/p>\n","protected":false},"excerpt":{"rendered":"<p>Einmal ein Chl\u00fcppli &#8211; Immer en Sack!&nbsp; Moor &#8211; Ochs! Narri &#8211; Narro Spielend ihr faulen Hunde! usw. And Love is in the Air \ud83d\udc97 Und das n\u00e4chste geballte und vollgepackte Fasnachtsweekend stand f\u00fcr uns Chl\u00fcpplis auf dem Programm&#8230; 3 Tage Fasnacht Pur! Am Freitag 14.02.25 starteten wir in der Pigna in Kloten &#8211; Ein&#8230;<\/p>\n","protected":false},"author":50,"featured_media":0,"comment_status":"open","ping_status":"open","sticky":false,"template":"","format":"standard","meta":{"ngg_post_thumbnail":0,"_jetpack_memberships_contains_paid_content":false,"footnotes":""},"categories":[1],"tags":[],"class_list":["post-15145","post","type-post","status-publish","format-standard","hentry","category-uncategorized"],"jetpack_featured_media_url":"","jetpack_sharing_enabled":true,"_links":{"self":[{"href":"https:\/\/chlueppliseck.ch\/wordpress\/wp-json\/wp\/v2\/posts\/15145","targetHints":{"allow":["GET"]}}],"collection":[{"href":"https:\/\/chlueppliseck.ch\/wordpress\/wp-json\/wp\/v2\/posts"}],"about":[{"href":"https:\/\/chlueppliseck.ch\/wordpress\/wp-json\/wp\/v2\/types\/post"}],"author":[{"embeddable":true,"href":"https:\/\/chlueppliseck.ch\/wordpress\/wp-json\/wp\/v2\/users\/50"}],"replies":[{"embeddable":true,"href":"https:\/\/chlueppliseck.ch\/wordpress\/wp-json\/wp\/v2\/comments?post=15145"}],"version-history":[{"count":3,"href":"https:\/\/chlueppliseck.ch\/wordpress\/wp-json\/wp\/v2\/posts\/15145\/revisions"}],"predecessor-version":[{"id":15229,"href":"https:\/\/chlueppliseck.ch\/wordpress\/wp-json\/wp\/v2\/posts\/15145\/revisions\/15229"}],"wp:attachment":[{"href":"https:\/\/chlueppliseck.ch\/wordpress\/wp-json\/wp\/v2\/media?parent=15145"}],"wp:term":[{"taxonomy":"category","embeddable":true,"href":"https:\/\/chlueppliseck.ch\/wordpress\/wp-json\/wp\/v2\/categories?post=15145"},{"taxonomy":"post_tag","embeddable":true,"href":"https:\/\/chlueppliseck.ch\/wordpress\/wp-json\/wp\/v2\/tags?post=15145"}],"curies":[{"name":"wp","href":"https:\/\/api.w.org\/{rel}","templated":true}]}}