{"id":15047,"date":"2025-02-13T20:40:21","date_gmt":"2025-02-13T19:40:21","guid":{"rendered":"https:\/\/chlueppliseck.ch\/wordpress\/?p=15047"},"modified":"2025-02-13T21:03:25","modified_gmt":"2025-02-13T20:03:25","slug":"kinderfasnacht-buelach-mit-maskenball-kinderfasnacht-kloten","status":"publish","type":"post","link":"https:\/\/chlueppliseck.ch\/wordpress\/2025\/02\/13\/kinderfasnacht-buelach-mit-maskenball-kinderfasnacht-kloten\/","title":{"rendered":"Kinderfasnacht B\u00fclach mit Maskenball\/ Kinderfasnacht Kloten"},"content":{"rendered":"\n<p>&nbsp;<\/p>\n<p style=\"text-align: center;\">Wir starteten am Samstag am Umzug in B\u00fclach.<\/p>\n<p style=\"text-align: center;\">Der Kluge reist im Zuge\u2026\u2026.. so auch die Chl\u00fcpplis. Voller Motivation, mit Sack und Pack beladen, da gabs noch nichts zu klagen. Jemand dachte, welch sonderliche Gestallten\u2026.Br\u00e4ndi wurde von \u201eInterpol\u201c angehalten. Mit Gw\u00e4ndli und Farbe im Gesicht, wurde dies, eine sonderliche Geschicht. Von der Verhaftung wurde abgesehen, war zum Gl\u00fcck doch nur ein Versehen.<br><br>P\u00fcnktlich um 13.30 starteten wir den Kinderumzug durch die B\u00fclacher Altstadt, an vorderster Front, welch eine Ehre.<\/p>\n<p><img data-recalc-dims=\"1\" loading=\"lazy\" decoding=\"async\" class=\"size-medium wp-image-15050 aligncenter\" src=\"https:\/\/i0.wp.com\/chlueppliseck.ch\/wordpress\/wp-content\/uploads\/2025\/02\/967f80a0-3d6c-4ca0-8d59-29c34c4063be.jpeg?resize=600%2C450&#038;ssl=1\" alt=\"\" width=\"600\" height=\"450\" srcset=\"https:\/\/i0.wp.com\/chlueppliseck.ch\/wordpress\/wp-content\/uploads\/2025\/02\/967f80a0-3d6c-4ca0-8d59-29c34c4063be.jpeg?resize=600%2C450&amp;ssl=1 600w, https:\/\/i0.wp.com\/chlueppliseck.ch\/wordpress\/wp-content\/uploads\/2025\/02\/967f80a0-3d6c-4ca0-8d59-29c34c4063be.jpeg?resize=644%2C483&amp;ssl=1 644w, https:\/\/i0.wp.com\/chlueppliseck.ch\/wordpress\/wp-content\/uploads\/2025\/02\/967f80a0-3d6c-4ca0-8d59-29c34c4063be.jpeg?resize=300%2C225&amp;ssl=1 300w, https:\/\/i0.wp.com\/chlueppliseck.ch\/wordpress\/wp-content\/uploads\/2025\/02\/967f80a0-3d6c-4ca0-8d59-29c34c4063be.jpeg?resize=768%2C576&amp;ssl=1 768w, https:\/\/i0.wp.com\/chlueppliseck.ch\/wordpress\/wp-content\/uploads\/2025\/02\/967f80a0-3d6c-4ca0-8d59-29c34c4063be.jpeg?resize=1536%2C1152&amp;ssl=1 1536w, https:\/\/i0.wp.com\/chlueppliseck.ch\/wordpress\/wp-content\/uploads\/2025\/02\/967f80a0-3d6c-4ca0-8d59-29c34c4063be.jpeg?w=1600&amp;ssl=1 1600w, https:\/\/i0.wp.com\/chlueppliseck.ch\/wordpress\/wp-content\/uploads\/2025\/02\/967f80a0-3d6c-4ca0-8d59-29c34c4063be.jpeg?w=1288&amp;ssl=1 1288w\" sizes=\"auto, (max-width: 600px) 100vw, 600px\" \/><\/p>\n<p style=\"text-align: center;\">Lauter fr\u00f6hliche Gesichter, bunt geschminkt, und leuchtende Kinderaugen. So soll\u2019s sein.<\/p>\n<p style=\"text-align: center;\">Nach einer kleinen St\u00e4rkung liessen wir die B\u00fchne beben.&nbsp;<br><img data-recalc-dims=\"1\" loading=\"lazy\" decoding=\"async\" class=\"alignnone size-medium wp-image-15051\" src=\"https:\/\/i0.wp.com\/chlueppliseck.ch\/wordpress\/wp-content\/uploads\/2025\/02\/abeecfb1-116a-43a6-9b7c-dbd4a3c71b93.jpeg?resize=600%2C450&#038;ssl=1\" alt=\"\" width=\"600\" height=\"450\" srcset=\"https:\/\/i0.wp.com\/chlueppliseck.ch\/wordpress\/wp-content\/uploads\/2025\/02\/abeecfb1-116a-43a6-9b7c-dbd4a3c71b93.jpeg?resize=600%2C450&amp;ssl=1 600w, https:\/\/i0.wp.com\/chlueppliseck.ch\/wordpress\/wp-content\/uploads\/2025\/02\/abeecfb1-116a-43a6-9b7c-dbd4a3c71b93.jpeg?resize=644%2C483&amp;ssl=1 644w, https:\/\/i0.wp.com\/chlueppliseck.ch\/wordpress\/wp-content\/uploads\/2025\/02\/abeecfb1-116a-43a6-9b7c-dbd4a3c71b93.jpeg?resize=300%2C225&amp;ssl=1 300w, https:\/\/i0.wp.com\/chlueppliseck.ch\/wordpress\/wp-content\/uploads\/2025\/02\/abeecfb1-116a-43a6-9b7c-dbd4a3c71b93.jpeg?resize=768%2C576&amp;ssl=1 768w, https:\/\/i0.wp.com\/chlueppliseck.ch\/wordpress\/wp-content\/uploads\/2025\/02\/abeecfb1-116a-43a6-9b7c-dbd4a3c71b93.jpeg?resize=1536%2C1152&amp;ssl=1 1536w, https:\/\/i0.wp.com\/chlueppliseck.ch\/wordpress\/wp-content\/uploads\/2025\/02\/abeecfb1-116a-43a6-9b7c-dbd4a3c71b93.jpeg?w=1600&amp;ssl=1 1600w, https:\/\/i0.wp.com\/chlueppliseck.ch\/wordpress\/wp-content\/uploads\/2025\/02\/abeecfb1-116a-43a6-9b7c-dbd4a3c71b93.jpeg?w=1288&amp;ssl=1 1288w\" sizes=\"auto, (max-width: 600px) 100vw, 600px\" \/><\/p>\n<p style=\"text-align: center;\">Anschliessend verschoben wir uns ( nat\u00fcrlich mit den \u00d6Vs) nach Hochfelden.<br><span style=\"font-size: revert;\">Dort wurden wir sehnlichst von einem Geburtstagskind erwartet.&nbsp;<br><br><\/span><\/p>\n<p style=\"text-align: center;\">Nach unserm Auftritt und &nbsp;Speiss und Trank ging es dann auch schon wieder nach B\u00fclach zur\u00fcck an den Maskenball.<br>Unser Musikus konnte es kaum erwarten, da die Irische Sch\u00f6nheit noch in B\u00fclach wartete.<\/p>\n<p style=\"text-align: center;\">Vor einer Handvoll Leute spielten wir nochmals auf der B\u00fchne und liessen es krachen.<\/p>\n<p><\/p>\n<p>&nbsp;<\/p>\n<p style=\"text-align: center;\"><br>Nach dem letzten Auftritt liessen wir den Abend noch mit guter Musik und anderen Fasnachtsverr\u00fcckten ausklingen. Doch der Musikus fasste bereits tags\u00fcber eine h\u00fcbsche Dame ins Auge, er wich ihr nicht mehr von der Seite. Leider ist es Zeit zu gehen, werden wir uns wieder sehen\u2026\u2026?&nbsp;<br><br><\/p>\n<p style=\"text-align: center;\">Am Sonntag stand die Kinderfasnacht Kloten im Schluefweg auf dem Programm.<\/p>\n<p style=\"text-align: center;\">Mit frischer Schminke und guter Laune, durften wir viele Kinder begeistern.<\/p>\n<p style=\"text-align: center;\"><img data-recalc-dims=\"1\" loading=\"lazy\" decoding=\"async\" class=\"alignnone size-medium wp-image-15049\" src=\"https:\/\/i0.wp.com\/chlueppliseck.ch\/wordpress\/wp-content\/uploads\/2025\/02\/ac628ee0-88f7-4760-ae34-a805673e677b.jpeg?resize=600%2C292&#038;ssl=1\" alt=\"\" width=\"600\" height=\"292\" srcset=\"https:\/\/i0.wp.com\/chlueppliseck.ch\/wordpress\/wp-content\/uploads\/2025\/02\/ac628ee0-88f7-4760-ae34-a805673e677b.jpeg?resize=600%2C292&amp;ssl=1 600w, https:\/\/i0.wp.com\/chlueppliseck.ch\/wordpress\/wp-content\/uploads\/2025\/02\/ac628ee0-88f7-4760-ae34-a805673e677b.jpeg?resize=644%2C313&amp;ssl=1 644w, https:\/\/i0.wp.com\/chlueppliseck.ch\/wordpress\/wp-content\/uploads\/2025\/02\/ac628ee0-88f7-4760-ae34-a805673e677b.jpeg?resize=300%2C146&amp;ssl=1 300w, https:\/\/i0.wp.com\/chlueppliseck.ch\/wordpress\/wp-content\/uploads\/2025\/02\/ac628ee0-88f7-4760-ae34-a805673e677b.jpeg?resize=768%2C373&amp;ssl=1 768w, https:\/\/i0.wp.com\/chlueppliseck.ch\/wordpress\/wp-content\/uploads\/2025\/02\/ac628ee0-88f7-4760-ae34-a805673e677b.jpeg?w=1479&amp;ssl=1 1479w, https:\/\/i0.wp.com\/chlueppliseck.ch\/wordpress\/wp-content\/uploads\/2025\/02\/ac628ee0-88f7-4760-ae34-a805673e677b.jpeg?w=1288&amp;ssl=1 1288w\" sizes=\"auto, (max-width: 600px) 100vw, 600px\" \/><\/p>\n<p style=\"text-align: center;\">Auch wenn die Pauke Manu den ersten Auftritt fast verpasste, konnte er doch noch die letzten zwei St\u00fcckli mit spielen \ud83d\ude42 Nach dem ersten Auftritt hat es Musikus M\u00e4se einigen ausgew\u00e4hlten Kindern besonders angetan. Sie durften ihn sogar mit Konfetti voll stopfen\u2026 wird wohl an der rosaroten Brille liegen..\u2026<\/p>\n<p style=\"text-align: center;\">&nbsp;<\/p>\n<p style=\"text-align: center;\">\u2026Das Wiedersehen ging schneller als gedacht, da ist beim Musikus das Feuer im Herzen entfacht.&nbsp;<\/p>\n<p style=\"text-align: center;\"><img data-recalc-dims=\"1\" loading=\"lazy\" decoding=\"async\" class=\"alignnone size-medium\" src=\"https:\/\/i0.wp.com\/media0.giphy.com\/media\/v1.Y2lkPTc5MGI3NjExaTVrZHduajJ1c3piZHYzYWhkcTkwbmYyaWNlZmg0cmdsNGtrNjM2bSZlcD12MV9pbnRlcm5hbF9naWZfYnlfaWQm\/IYf307vRja6e4\/giphy.gif?resize=320%2C218&#038;ssl=1\" width=\"320\" height=\"218\"><\/p>\n<p style=\"text-align: center;\">*r\u00e4usper* Da sind wir wohl ein wenig vom Thema abgeschweift.. KiFA Kloten, da waren wir.<\/p>\n<p style=\"text-align: center;\">Nach einem weiteren Auftritt ging es dann bald auch ans Aufr\u00e4umen. Dabei entdeckte auch Ronny seine grosse Liebe\u2026<\/p>\n<p style=\"text-align: center;\"><img data-recalc-dims=\"1\" loading=\"lazy\" decoding=\"async\" class=\"size-medium wp-image-15048 aligncenter\" src=\"https:\/\/i0.wp.com\/chlueppliseck.ch\/wordpress\/wp-content\/uploads\/2025\/02\/16ac2faf-e8e4-48cb-b5d0-ebadf56ff06d-450x600.jpeg?resize=450%2C600&#038;ssl=1\" alt=\"\" width=\"450\" height=\"600\" srcset=\"https:\/\/i0.wp.com\/chlueppliseck.ch\/wordpress\/wp-content\/uploads\/2025\/02\/16ac2faf-e8e4-48cb-b5d0-ebadf56ff06d.jpeg?resize=450%2C600&amp;ssl=1 450w, https:\/\/i0.wp.com\/chlueppliseck.ch\/wordpress\/wp-content\/uploads\/2025\/02\/16ac2faf-e8e4-48cb-b5d0-ebadf56ff06d.jpeg?resize=644%2C859&amp;ssl=1 644w, https:\/\/i0.wp.com\/chlueppliseck.ch\/wordpress\/wp-content\/uploads\/2025\/02\/16ac2faf-e8e4-48cb-b5d0-ebadf56ff06d.jpeg?resize=225%2C300&amp;ssl=1 225w, https:\/\/i0.wp.com\/chlueppliseck.ch\/wordpress\/wp-content\/uploads\/2025\/02\/16ac2faf-e8e4-48cb-b5d0-ebadf56ff06d.jpeg?resize=768%2C1024&amp;ssl=1 768w, https:\/\/i0.wp.com\/chlueppliseck.ch\/wordpress\/wp-content\/uploads\/2025\/02\/16ac2faf-e8e4-48cb-b5d0-ebadf56ff06d.jpeg?resize=1152%2C1536&amp;ssl=1 1152w, https:\/\/i0.wp.com\/chlueppliseck.ch\/wordpress\/wp-content\/uploads\/2025\/02\/16ac2faf-e8e4-48cb-b5d0-ebadf56ff06d.jpeg?w=1536&amp;ssl=1 1536w, https:\/\/i0.wp.com\/chlueppliseck.ch\/wordpress\/wp-content\/uploads\/2025\/02\/16ac2faf-e8e4-48cb-b5d0-ebadf56ff06d.jpeg?w=1288&amp;ssl=1 1288w\" sizes=\"auto, (max-width: 450px) 100vw, 450px\" \/><br>Da der eigentliche Berichteschreiber weiterhin unter der rosaroten Brille gefangen ist, \u00fcbernimmt die Redaktion Popotrugloe.<\/p>\n<p style=\"text-align: center;\">Die Redaktion Popotrugloe \u00fcbernimmt keine Haftung f\u00fcr gebrochene Herzen, geistige Verwirrtheit, und sonstige Gebrechen.<\/p>\n<p style=\"text-align: center;\">Rechtschreibfehler d\u00fcrfen vom Finder behalten werden.&nbsp;<br><br><\/p>\n<p style=\"text-align: center;\">to be continued\u2026\u2026.<\/p>\n<p style=\"text-align: center;\">&nbsp;<\/p>\n\n\n\n<ol>\n<li>&nbsp;<\/li>\n<\/ol>\n","protected":false},"excerpt":{"rendered":"<p>&nbsp; Wir starteten am Samstag am Umzug in B\u00fclach. Der Kluge reist im Zuge\u2026\u2026.. so auch die Chl\u00fcpplis. Voller Motivation, mit Sack und Pack beladen, da gabs noch nichts zu klagen. Jemand dachte, welch sonderliche Gestallten\u2026.Br\u00e4ndi wurde von \u201eInterpol\u201c angehalten. Mit Gw\u00e4ndli und Farbe im Gesicht, wurde dies, eine sonderliche Geschicht. Von der Verhaftung wurde&#8230;<\/p>\n","protected":false},"author":34,"featured_media":0,"comment_status":"open","ping_status":"open","sticky":false,"template":"","format":"standard","meta":{"ngg_post_thumbnail":0,"_jetpack_memberships_contains_paid_content":false,"footnotes":""},"categories":[1],"tags":[],"class_list":["post-15047","post","type-post","status-publish","format-standard","hentry","category-uncategorized"],"jetpack_featured_media_url":"","jetpack_sharing_enabled":true,"_links":{"self":[{"href":"https:\/\/chlueppliseck.ch\/wordpress\/wp-json\/wp\/v2\/posts\/15047","targetHints":{"allow":["GET"]}}],"collection":[{"href":"https:\/\/chlueppliseck.ch\/wordpress\/wp-json\/wp\/v2\/posts"}],"about":[{"href":"https:\/\/chlueppliseck.ch\/wordpress\/wp-json\/wp\/v2\/types\/post"}],"author":[{"embeddable":true,"href":"https:\/\/chlueppliseck.ch\/wordpress\/wp-json\/wp\/v2\/users\/34"}],"replies":[{"embeddable":true,"href":"https:\/\/chlueppliseck.ch\/wordpress\/wp-json\/wp\/v2\/comments?post=15047"}],"version-history":[{"count":3,"href":"https:\/\/chlueppliseck.ch\/wordpress\/wp-json\/wp\/v2\/posts\/15047\/revisions"}],"predecessor-version":[{"id":15058,"href":"https:\/\/chlueppliseck.ch\/wordpress\/wp-json\/wp\/v2\/posts\/15047\/revisions\/15058"}],"wp:attachment":[{"href":"https:\/\/chlueppliseck.ch\/wordpress\/wp-json\/wp\/v2\/media?parent=15047"}],"wp:term":[{"taxonomy":"category","embeddable":true,"href":"https:\/\/chlueppliseck.ch\/wordpress\/wp-json\/wp\/v2\/categories?post=15047"},{"taxonomy":"post_tag","embeddable":true,"href":"https:\/\/chlueppliseck.ch\/wordpress\/wp-json\/wp\/v2\/tags?post=15047"}],"curies":[{"name":"wp","href":"https:\/\/api.w.org\/{rel}","templated":true}]}}