{"id":15001,"date":"2025-01-05T16:50:27","date_gmt":"2025-01-05T15:50:27","guid":{"rendered":"https:\/\/chlueppliseck.ch\/wordpress\/?p=15001"},"modified":"2025-02-04T12:15:19","modified_gmt":"2025-02-04T11:15:19","slug":"baechtele-rafz-2025-dragons-baby","status":"publish","type":"post","link":"https:\/\/chlueppliseck.ch\/wordpress\/2025\/01\/05\/baechtele-rafz-2025-dragons-baby\/","title":{"rendered":"B\u00e4chtele Rafz 2025 &#8211; Dragons Baby!"},"content":{"rendered":"\n<p><img data-recalc-dims=\"1\" decoding=\"async\" class=\"aligncenter\" src=\"https:\/\/i0.wp.com\/i.giphy.com\/media\/v1.Y2lkPTc5MGI3NjExNng2eWllcGl4YnF2NmY0bW85Mzh2M3ZkbjR1MHl5bTI3dDVvcTNyaCZlcD12MV9pbnRlcm5hbF9naWZfYnlfaWQmY3Q9Zw\/2JTJ3jA3N6rDy\/giphy.gif?w=644&#038;ssl=1\"><\/p>\n<p>Kennt Ihr eine Filmszene mit Drachen? Im Intro ist doch dann immer so eine felsige, dunkle und kahle Landschaft und dann fliegt ein Drachen im str\u00f6menden Regen durch dieses Tal.<\/p>\n<p>GENAU so hat sich der Start unseres neuen Gw\u00e4ndli angef\u00fchlt!!!<\/p>\n<p>Das Wetter an der diesj\u00e4hrigen B\u00e4chtele war kurz gesagt: Besch**eiden&#8230;<\/p>\n<p>Fl\u00fcgel ausbreiten, gegen den Wind stellen und starten! &#8211; Ja unsere Fl\u00fcgel wollten wohl dies umsetzen, beim Umzug durch die kahle raue Landschaft. (Baustellenbedingt war die Route der B\u00e4chtele dieses Jahr &#8211; Sagen wir mal etwas speziell^^)<\/p>\n<p>Wir starteten auf dem Friedhof, um dann ausserhalb des Dorfes zur Kirche zur\u00fcckzukehren&#8230; (Normalerweise ist das doch andersrum? &#8211; Nein \/ Pfuii b\u00f6ser Gedanke!)<\/p>\n<p>Egal &#8211; Wir hatten unseren Spass und waren Stolz unser neues Gw\u00e4ndli zu pr\u00e4sentieren!&nbsp;<\/p>\n<p><video controls=\"controls\" width=\"300\" height=\"150\">\n<source src=\"https:\/\/chlueppliseck.ch\/wordpress\/wp-content\/uploads\/2025\/01\/1735901630652.mp4\" type=\"video\/mp4\"><\/video><\/p>\n<hr>\n<p>Wir starteten am Morgen um 11:00 Uhr mit einem Auftritt im Pflegezentrum Peteracker in Rafz, um auch der \u00e4lteren Bev\u00f6lkerungsschicht die Fasnacht quasi direkt vor die T\u00fcre zu bringen, zu diesem Zeitpunkt war das Wetter noch ganz i.o.<\/p>\n<p><img data-recalc-dims=\"1\" decoding=\"async\" src=\"https:\/\/i0.wp.com\/chlueppliseck.ch\/wordpress\/wp-content\/gallery\/baechtele-rafz-2025\/WhatsApp-Bild-2025-01-02-um-11.23.21_8470394a.jpg?w=644&#038;ssl=1\"><\/p>\n<p>Zwischen dem Auftritt im Pflegezentrum und dem Umzugsstart, mussten wir noch unseren NEUEN Wagen vorbereiten&#8230; Wagen? &#8211; Ja Wagen! Danke an R\u00f6bi und Chrige Sp\u00fchler die uns Ihren Schilter zur Verf\u00fcgung gestellt haben, und diesen auch gleich am Umzug pilotiert haben.&nbsp;<\/p>\n<p>F\u00fchlt sich schon Cool an einen eigenen Wagen zu besitzen am Umzug!<\/p>\n<p><img data-recalc-dims=\"1\" decoding=\"async\" src=\"https:\/\/i0.wp.com\/chlueppliseck.ch\/wordpress\/wp-content\/gallery\/baechtele-rafz-2025\/471788186_10233080448500940_8149610739745994542_n.jpg?w=644&#038;ssl=1\"><\/p>\n<p>Den Umzug haben wir trotz erschwertem Wetter mir nur kleineren Problemen (Fliegende Fl\u00fcgel) gemeistert.<\/p>\n<p><img data-recalc-dims=\"1\" decoding=\"async\" src=\"https:\/\/i0.wp.com\/chlueppliseck.ch\/wordpress\/wp-content\/gallery\/baechtele-rafz-2025\/471177543_10233080446900900_1233491868797571257_n.jpg?w=644&#038;ssl=1\"><\/p>\n<p>Nach dem Umzug gabs dann was zu futtern und eine kleine Pause bevor das Monsterkonzert startet.<\/p>\n<p>Oder doch nicht? &#8211; Doch doch, aber es wird vorgezogen. Oder doch nicht? Na dann eben nicht, dann halt zur &#8222;normalen&#8220; Zeit. Oder doch nicht?&nbsp;<\/p>\n<p>NOPE! Das Monsterkonzert fiel irgendwie ins Wasser &#8211; Wir liessen uns den Spass aber nicht nehmen und spielten mit einigen Guggenkollegen von anderen Guggen ein Mini Monsterkonzert bei der Kirche. Vielen Dank allen spontanen Bl\u00e4sern!<\/p>\n<p>Da unsere Drachenhaut\/Schuppen nat\u00fcrlich das Wetter regelrecht abprallen liesen, marschierten wir dann f\u00fcr das Nachtessen in den Frohsinn.<\/p>\n<hr>\n<p>Am Abend folgten dann einige Auftritte direkt in den Beizen. Immer wieder ein spezielles und sch\u00f6nes Erlebnis noch eine Beizenfasnacht zu haben.&nbsp;<\/p>\n<p>Zum Abschluss gings dann ins Sahlenweidli (The Place to be &#8211; A de B\u00e4chtele) f\u00fcr einen letzten Auftritt.&nbsp;<\/p>\n<p>Vielen Dank an alle Zuh\u00f6rer und wir sehen uns schon bald an der B\u00fclacher Fasnacht am 8. Februar \ud83d\ude42<\/p>\n<p>Eure Chl\u00fcpplis<\/p>\n<p>P.S Bilder nat\u00fcrlich wie immer in der Bildergalerie unter aktuelle Fotos&#8230;<\/p>\n\n\n","protected":false},"excerpt":{"rendered":"<p>Kennt Ihr eine Filmszene mit Drachen? Im Intro ist doch dann immer so eine felsige, dunkle und kahle Landschaft und dann fliegt ein Drachen im str\u00f6menden Regen durch dieses Tal. GENAU so hat sich der Start unseres neuen Gw\u00e4ndli angef\u00fchlt!!! Das Wetter an der diesj\u00e4hrigen B\u00e4chtele war kurz gesagt: Besch**eiden&#8230; Fl\u00fcgel ausbreiten, gegen den Wind&#8230;<\/p>\n","protected":false},"author":50,"featured_media":0,"comment_status":"open","ping_status":"open","sticky":false,"template":"","format":"standard","meta":{"ngg_post_thumbnail":0,"_jetpack_memberships_contains_paid_content":false,"footnotes":""},"categories":[1],"tags":[],"class_list":["post-15001","post","type-post","status-publish","format-standard","hentry","category-uncategorized"],"jetpack_featured_media_url":"","jetpack_sharing_enabled":true,"_links":{"self":[{"href":"https:\/\/chlueppliseck.ch\/wordpress\/wp-json\/wp\/v2\/posts\/15001","targetHints":{"allow":["GET"]}}],"collection":[{"href":"https:\/\/chlueppliseck.ch\/wordpress\/wp-json\/wp\/v2\/posts"}],"about":[{"href":"https:\/\/chlueppliseck.ch\/wordpress\/wp-json\/wp\/v2\/types\/post"}],"author":[{"embeddable":true,"href":"https:\/\/chlueppliseck.ch\/wordpress\/wp-json\/wp\/v2\/users\/50"}],"replies":[{"embeddable":true,"href":"https:\/\/chlueppliseck.ch\/wordpress\/wp-json\/wp\/v2\/comments?post=15001"}],"version-history":[{"count":4,"href":"https:\/\/chlueppliseck.ch\/wordpress\/wp-json\/wp\/v2\/posts\/15001\/revisions"}],"predecessor-version":[{"id":15032,"href":"https:\/\/chlueppliseck.ch\/wordpress\/wp-json\/wp\/v2\/posts\/15001\/revisions\/15032"}],"wp:attachment":[{"href":"https:\/\/chlueppliseck.ch\/wordpress\/wp-json\/wp\/v2\/media?parent=15001"}],"wp:term":[{"taxonomy":"category","embeddable":true,"href":"https:\/\/chlueppliseck.ch\/wordpress\/wp-json\/wp\/v2\/categories?post=15001"},{"taxonomy":"post_tag","embeddable":true,"href":"https:\/\/chlueppliseck.ch\/wordpress\/wp-json\/wp\/v2\/tags?post=15001"}],"curies":[{"name":"wp","href":"https:\/\/api.w.org\/{rel}","templated":true}]}}