{"id":14457,"date":"2024-02-26T21:13:14","date_gmt":"2024-02-26T20:13:14","guid":{"rendered":"https:\/\/chlueppliseck.ch\/wordpress\/?p=14457"},"modified":"2024-03-05T22:49:59","modified_gmt":"2024-03-05T21:49:59","slug":"fasnacht-winterthur-fasnacht-buelach-auftritt-pflegezentrum-rotacher-dietlikon","status":"publish","type":"post","link":"https:\/\/chlueppliseck.ch\/wordpress\/2024\/02\/26\/fasnacht-winterthur-fasnacht-buelach-auftritt-pflegezentrum-rotacher-dietlikon\/","title":{"rendered":"Fasnacht Winterthur \/ Fasnacht B\u00fclach \/ Auftritt Pflegezentrum Rotacher Dietlikon"},"content":{"rendered":"\n<p>Und schon wieder sind weitere 2 Weekends im Fluge vergangen&#8230;<\/p>\n<p>H\u00e4 2 Weekends? Warum denn nur 1 Bericht? Schl\u00e4ft der Admin wieder?&nbsp;<\/p>\n<p>Nope &#8211; Aber wir wollen ja Qualit\u00e4t und keine Quantit\u00e4t nicht war? \ud83d\ude01<\/p>\n<p>Am Samstag 17. Februar stand Winterthur auf dem Programm.<\/p>\n<p>-Mit dem Guggen-Umzug am Samstag Abend durch die sch\u00f6ne Altstadt. (Nicht ganz so sch\u00f6n wie Rheinfelden, aber auch sch\u00f6n \ud83d\ude1c)<\/p>\n<p>Als erstes Stand der Auftritt an der Steinberggasse auf dem Programm:&nbsp;<\/p>\n<p>Bereits um 17:10 Uhr sollten wir als 2. Gugge loslegen, doch es hatte kaum Leute auf den Strassen \ud83d\ude2d<\/p>\n<p>Somit entschied sich die Gugge vor uns Ihren Auftritt nach hinten zu schieben, vielleicht kommen ja noch ein paar Leute.&nbsp;<\/p>\n<p>Durch den sagen wir mal speziellen Klang der Gugge vor uns, mochte es aber leider auch nicht mehr Leute in die Steinberggasse ziehen&#8230;<\/p>\n<p>Egal! Wir machen Party! Somit rauf auf die B\u00fchne und die Seele aus dem Leib spielen.&nbsp;<\/p>\n<p>Der Platz um die B\u00fchne f\u00fcllte sich langsam und wir konnten mit einem guten Gef\u00fchl die B\u00fchne verlassen.&nbsp;<\/p>\n<p>Es folgte dann sp\u00e4ter im Abend der Gugge-Umzug durch die Altstadt.<\/p>\n<p><img data-recalc-dims=\"1\" decoding=\"async\" src=\"https:\/\/i0.wp.com\/chlueppliseck.ch\/wordpress\/wp-content\/gallery\/fasnacht-winterthur-2024\/IMG-20240217-WA0030.jpg?w=644&#038;ssl=1\"><\/p>\n<p>Mit der Nr. 10 ging dann los bzw. zuerst mussten wir mal rausfinden wo wir denn genau einstehen sollten. Kurz mal andere Guggen gefragt, doch irgendwie hatte keiner einen Plan wo man sich denn nun einreihen soll. Nach einigem hin und her war dann endlich das Kind geboren, und wir standen am korrekte Startplatz.<\/p>\n<p>Der Umzug war gut besucht und es machte Freude durch die engen Gassen zu marschieren und zu spielen. Nachtumz\u00fcge sind halt immer was spezielles &#8211; was cooles \ud83d\ude0e<\/p>\n<p>Nach dem Umzug noch ein paar Drinks und den Abend ausklingen lassen &#8211; Das passt!<\/p>\n<p>Schnell noch ein Burger reinzwitschern, bevor es dann nach Hause geht&#8230;&nbsp;<\/p>\n<p>Und schaut mal wer da mitten in der Nacht auch noch auf dem Heimweg ist:<\/p>\n<p><img data-recalc-dims=\"1\" decoding=\"async\" src=\"https:\/\/i0.wp.com\/chlueppliseck.ch\/wordpress\/wp-content\/gallery\/fasnacht-winterthur-2024\/IMG20240217230620.jpg?w=644&#038;ssl=1\"><\/p>\n<p>Korrekt &#8211; Mr. H\u00e4nggi pers\u00f6nlich! Einmal en Chl\u00fcppli immer en Sack \ud83d\ude04<\/p>\n<p>Am Sonntag w\u00e4re nat\u00fcrlich dann noch der grosse Fasnachtsumzug in Winterthur gewesen, leider konnten wir nicht teilnehmen da uns ein paar Chl\u00fcpplis fehlten \ud83d\ude2d&nbsp;<\/p>\n<hr>\n<p>Ein Wochenende sp\u00e4ter am Samstag 24. Februar stand nun die Fasnacht in B\u00fclach auf dem Programm.<\/p>\n<p>Von der Fasnachtsgesellschaft B\u00fclach wieder ins Leben gerufen, gab es letztes Jahr eine kleine Kinderfasnacht im Familien-Zentrum Mamerlapap in B\u00fclach, wollte man dieses Jahr etwas gr\u00f6sseres Aufziehen. Und dies ist auch fast gelungen. &#8211; Wieso fast?&nbsp;<\/p>\n<p>Es stand zuerst der Kinderumzug auf dem Programm &#8211; Eine Neuerung gegen\u00fcber letztes Jahr!<\/p>\n<p>Wir waren \u00fcberrascht von der grossen Anzahl von Familien mit Ihren Kindern, welche am Kinderumzug teilnahmen. Wir marschierten durch die B\u00fclacher Altstadt und hielten an div. Punkten f\u00fcr kleine Konzerte in der Menschenmenge an. Ein tolles Gef\u00fchl! Und es hatte wirklich viele Zuschauer am Strassenrand.<\/p>\n<p><\/p>\n<p>Und auch nachher im Familien-Zentrum war die Bude voll!<\/p>\n<p>F\u00fcr die Kids und die Eltern haben wir dann nat\u00fcrlich auch noch einen Auftritt im Zentrum gemacht. Damit es hoffentlich in Zukunft auch noch Kinder geben wird, die unbedingt in eine Gugge wollen, wenn Sie gross sind \ud83d\ude0e<\/p>\n<p>Danach gingen wir dann Manu&#8217;s Geburtstag feiern&#8230; Knackige 29 Jahre oder so \ud83e\udd2a<\/p>\n<p>Ab ins Breakpoint in B\u00fclach&#8230;.<\/p>\n<p>Dort wurde dann etwas in den Magen geschickt, und da wir noch Zeit hatten gem\u00fctlich eine Runde Billard oder Dart gespielt&#8230;<\/p>\n<p><img data-recalc-dims=\"1\" decoding=\"async\" src=\"https:\/\/i0.wp.com\/chlueppliseck.ch\/wordpress\/wp-content\/gallery\/fasnacht-buelach-24-auftritt-rotacher-dietlikon\/IMG20240224191239.jpg?w=644&#038;ssl=1\"><\/p>\n<p>Und dann ging es langsam retour nach B\u00fclach ins Familien-Zentrum f\u00fcr den Maskenball.<\/p>\n<p>Dort angekommen dann die Ern\u00fcchterung \ud83d\ude28 Anscheinend ist B\u00fclach doch noch nicht bereit f\u00fcr eine Fasnacht \ud83d\ude25 Etwas mehr als eine Handvoll Leute war um 9 Uhr am Maskenball.&nbsp;<\/p>\n<p>Unsere Nachbar Gugge hatte Ihren Auftritt ein bisschen nach hinten verlegt, in der Hoffnung das noch mehr Leute eintreffen werden. Doch leider traf dies nicht zu.&nbsp;<\/p>\n<p>Doch nat\u00fcrlich so wie wir sind, verloren wir nicht die Lust sondern, wir feierten mit.<\/p>\n<p>Wenig Leute = Mehr Platz auf der Tanzfl\u00e4che nicht wahr? \ud83e\udd73<\/p>\n<p>W\u00fcrde zutreffen wenn der DJ sich ein bisschen M\u00fche geben w\u00fcrde, aber er spielte trotz Einw\u00e4nden nur Sound welcher so ganz und gar nicht zum Publikum und zum Thema 80er Jahre passte. Der DJ war wohl zu Jung f\u00fcr ECHTEN Sound \ud83d\ude05 \ud83d\ude02<\/p>\n<p>F\u00fcr die verbleibenden Leute hatten wir dann um knapp halb 11 Uhr unseren Auftritt.<\/p>\n<p>Und wir rockten das Zentrum! &#8211; Denn schlimmer als gar kein Auftritt ist ein Auftritt bei dem man den Leuten ansieht das es sie *anpisst*. Auch wenige Leute k\u00f6nnen Stimmung machen \ud83e\udd17<\/p>\n<p>Wir hoffen das die Fasnachtsgesellschaft B\u00fclach den Mut hat es n\u00e4chstes Jahr nochmals zu versuchen. Vielleicht l\u00e4sst sich B\u00fclach ja doch noch aus dem Dornr\u00f6sschen-Schlaf wecken.<\/p>\n<hr>\n<p>Sonntag 25. Februar Auftritt im Pflegezentrum Rotacher in Dietlikon<\/p>\n<p>Schon wieder Altersheim? &#8211; Jepp!<\/p>\n<p>Es ist doch immer wieder sch\u00f6n auch der \u00e4lteren Bev\u00f6lkerungsschicht etwas Fasnacht ins Haus zu liefern.<\/p>\n<p>1x Fasnacht Chl\u00fcpplistyle &#8211; Scharf mit allem! und S\u00fcssgetr\u00e4nk \ud83e\udd29<\/p>\n<p>Bei herrlichstem Wetter und einer grossen Anzahl von Leuten spielten wir auf&#8230;<\/p>\n<p><img data-recalc-dims=\"1\" decoding=\"async\" src=\"https:\/\/i0.wp.com\/chlueppliseck.ch\/wordpress\/wp-content\/gallery\/fasnacht-buelach-24-auftritt-rotacher-dietlikon\/IMG-20240225-WA0028.jpg?w=644&#038;ssl=1\"><\/p>\n<p>Und mit jedem St\u00fcck wurden es auch zus\u00e4tzlich noch mehr Leute am Strassenrand. Ja so Guggenmusik ist halt schon was sch\u00f6nes \ud83d\ude0d<\/p>\n<p>Wir Danken zudem dem Pflegezentrum Rotacher Dietlikon f\u00fcr Speis und Trank, welcher extra f\u00fcr uns bereitgestellt wurde!<\/p>\n<p>So und nun heisst es den Sonntag ausklingen lassen und mental f\u00fcr das Finale in Rorbas bereit zu machen.<\/p>\n<p>Samstag Abend Maskenball in Rorbas &#8211; Wir spielen um 21:00 Uhr und Er\u00f6ffnen die ganze Party \ud83e\udd73<\/p>\n<p>Und am Sonntag dann hoffentlich bei strahlendem Sonnenschein der grosse und abschliessende Fasnachtsumzug in Freienstein\/Rorbas&#8230;<\/p>\n<p>Wir sehen uns. Eure Chl\u00fcpplis&nbsp;<\/p>\n","protected":false},"excerpt":{"rendered":"<p>Und schon wieder sind weitere 2 Weekends im Fluge vergangen&#8230; H\u00e4 2 Weekends? Warum denn nur 1 Bericht? Schl\u00e4ft der Admin wieder?&nbsp; Nope &#8211; Aber wir wollen ja Qualit\u00e4t und keine Quantit\u00e4t nicht war? \ud83d\ude01 Am Samstag 17. Februar stand Winterthur auf dem Programm. -Mit dem Guggen-Umzug am Samstag Abend durch die sch\u00f6ne Altstadt. (Nicht&#8230;<\/p>\n","protected":false},"author":50,"featured_media":0,"comment_status":"open","ping_status":"open","sticky":false,"template":"","format":"standard","meta":{"ngg_post_thumbnail":0,"_jetpack_memberships_contains_paid_content":false,"footnotes":""},"categories":[1],"tags":[],"class_list":["post-14457","post","type-post","status-publish","format-standard","hentry","category-uncategorized"],"jetpack_featured_media_url":"","jetpack_sharing_enabled":true,"_links":{"self":[{"href":"https:\/\/chlueppliseck.ch\/wordpress\/wp-json\/wp\/v2\/posts\/14457","targetHints":{"allow":["GET"]}}],"collection":[{"href":"https:\/\/chlueppliseck.ch\/wordpress\/wp-json\/wp\/v2\/posts"}],"about":[{"href":"https:\/\/chlueppliseck.ch\/wordpress\/wp-json\/wp\/v2\/types\/post"}],"author":[{"embeddable":true,"href":"https:\/\/chlueppliseck.ch\/wordpress\/wp-json\/wp\/v2\/users\/50"}],"replies":[{"embeddable":true,"href":"https:\/\/chlueppliseck.ch\/wordpress\/wp-json\/wp\/v2\/comments?post=14457"}],"version-history":[{"count":2,"href":"https:\/\/chlueppliseck.ch\/wordpress\/wp-json\/wp\/v2\/posts\/14457\/revisions"}],"predecessor-version":[{"id":14461,"href":"https:\/\/chlueppliseck.ch\/wordpress\/wp-json\/wp\/v2\/posts\/14457\/revisions\/14461"}],"wp:attachment":[{"href":"https:\/\/chlueppliseck.ch\/wordpress\/wp-json\/wp\/v2\/media?parent=14457"}],"wp:term":[{"taxonomy":"category","embeddable":true,"href":"https:\/\/chlueppliseck.ch\/wordpress\/wp-json\/wp\/v2\/categories?post=14457"},{"taxonomy":"post_tag","embeddable":true,"href":"https:\/\/chlueppliseck.ch\/wordpress\/wp-json\/wp\/v2\/tags?post=14457"}],"curies":[{"name":"wp","href":"https:\/\/api.w.org\/{rel}","templated":true}]}}