{"id":13736,"date":"2023-03-22T17:20:51","date_gmt":"2023-03-22T16:20:51","guid":{"rendered":"https:\/\/chlueppliseck.ch\/wordpress\/?p=13736"},"modified":"2024-03-05T22:49:36","modified_gmt":"2024-03-05T21:49:36","slug":"5-fasnachtsweekend-rorbas-und-zugabe-buelach-wasterkingen","status":"publish","type":"post","link":"https:\/\/chlueppliseck.ch\/wordpress\/2023\/03\/22\/5-fasnachtsweekend-rorbas-und-zugabe-buelach-wasterkingen\/","title":{"rendered":"5. Fasnachtsweekend Rorbas und Zugabe B\u00fclach\/Wasterkingen&#8230;"},"content":{"rendered":"\n<p><strong>Wo bleibt der verdammte Bericht?&nbsp;<\/strong><\/p>\n<p><img data-recalc-dims=\"1\" decoding=\"async\" src=\"https:\/\/i0.wp.com\/media2.giphy.com\/media\/l0HlBO7eyXzSZkJri\/giphy.gif?w=644&#038;ssl=1\" alt=\"TV gif. Chris O'Dowd as Se\u00e1n in Moone Boy sits on a front step beside an old suitcase and looks down at his watch in exasperation.\"><\/p>\n<p>Gute Frage! &#8211; Der Admin hat wohl wieder mal keine Zeit daf\u00fcr!<\/p>\n<p>Aber alle warten Sehns\u00fcchtig drauf \ud83d\ude2e<\/p>\n<p><img data-recalc-dims=\"1\" decoding=\"async\" src=\"https:\/\/i0.wp.com\/media4.giphy.com\/media\/26BRuo6sLetdllPAQ\/giphy.gif?w=644&#038;ssl=1\" alt=\"TV gif. Zach Woods as Jared in Silicon Valley looks out an open window, pulling aside big vertical blinds. He looks devastated and utterly defeated.\"><\/p>\n<p>Ja dann&#8230;<\/p>\n<p><img data-recalc-dims=\"1\" decoding=\"async\" src=\"https:\/\/i0.wp.com\/media1.giphy.com\/media\/MgRKCBGvlpqTENUzWk\/giphy.gif?w=644&#038;ssl=1\" alt=\"Tonight Show gif. Jimmy Fallon as host whirls his hand in front of himself as he nods and says, &quot;Let's go!&quot;\"><\/p>\n<p><strong>Zu Befehl! &#8211; So halbe Seite gef\u00fcllt und noch nix geschrieben \ud83e\udd2a<\/strong><\/p>\n<p>Wir besammelten uns am Samstag Nachmittag in Rorbas auf unserem angestammten Park bzw. Campingplatz! Vielen Dank an die Gemeinde Freienstein\/Rorbas f\u00fcr die Erlaubnis!<\/p>\n<p>Das Wetter war bescheiden \ud83d\ude13 Sind wir uns von Rorbas normalerweise dieses Wetter gew\u00f6hnt:<\/p>\n<p><img data-recalc-dims=\"1\" decoding=\"async\" src=\"https:\/\/i0.wp.com\/media3.giphy.com\/media\/xT0Gqz4x4eLd5gDtaU\/giphy.gif?w=644&#038;ssl=1\" alt=\"SpongeBob gif. A cute, smiling sun has entered through SpongeBob's window. SpongeBob smiles back from his bed, oblivious to the sun's heat setting the entire bed on fire.\"><\/p>\n<p>wars dieses mal eher so:<\/p>\n<p><img data-recalc-dims=\"1\" decoding=\"async\" src=\"https:\/\/i0.wp.com\/media2.giphy.com\/media\/GFXNdR1tuMopi\/giphy.gif?w=644&#038;ssl=1\" alt=\"storm clouds GIF\"><\/p>\n<p>Nicht schlimm, denn Regen gabs kaum bzw. wenn dann nur ganz kurz&#8230; Und wie Ihr ja wisst sind wir Wetterbest\u00e4ndig \ud83d\ude1c<\/p>\n<p>Auch unser Sushi hatte einen speziellen Auftritt bei der Ankunft! &#8211; Ein neues Auto! Und was f\u00fcr eines! Musste nat\u00fcrlich bevor wir uns auf den Weg machten kurz begutachtet werden&#8230;<\/p>\n<p><img data-recalc-dims=\"1\" decoding=\"async\" src=\"https:\/\/i0.wp.com\/media1.giphy.com\/media\/12r0kgdqCAcdMc\/giphy.gif?w=644&#038;ssl=1\" alt=\"mazda corner GIF\"><\/p>\n<p>Und dann noch in der Cabrio Variante! Sushi hatte sich wohl auch eher besseres Wetter gew\u00fcnscht!<\/p>\n<p>Aber wir schweifen ab&#8230;&nbsp;<\/p>\n<p>Nach dem Besammeln ging es geschlossen zum Restaurant &#8211; Und NEIN! dieses mal holten wir den Bergpreis nicht mehr&#8230; Waren wir es uns gew\u00f6hnt ins &#8222;Al Cervo&#8220; zu gehen, und den ganzen verdammten H\u00fcgel hochzukrackseln, ging es dieses mal ins Industriegebiet sch\u00f6n Geradeaus in die Pizzeria Rorbas.<\/p>\n<p>Dort angekommen erwartete uns fantastische Pizzen und Cordon Bleu&#8217;s sowie ein sehr gem\u00fctliches Ambiente! Ja hier her werden wir wieder kommen! Alles bestens&#8230;&nbsp;<\/p>\n<p><\/p>\n<p>Nach dem wir uns die M\u00e4gen vollgeschlagen hatten, ging es dann in den Steigwiessaal an den Maskenball in Rorbas&#8230;<\/p>\n<p>Das um 21:00 Uhr noch nicht viel los ist, ist ganz normal doch leider auch um 21:45 Uhr sah es nicht viel besser aus, anscheinend hatten die Leute entweder kein Geld mehr Ende Monat oder waren schon ein wenig Fasnachtsm\u00fcde \ud83d\ude2d Normalerweise hatte es in der Vergangenheit immer viel mehr Leute im Steigwiessaal&#8230; Schade&#8230;<\/p>\n<p>Nichts destotrotz lieferten wir einen Astreinen Auftritt und spielten uns die Seele aus dem Leib \ud83e\udd29<\/p>\n<p>Die Zeit verflog und wir genossen den Abend am Maskenball&#8230;<\/p>\n<hr>\n<p>Am Sonntag war dann der grosse Umzug angesagt!<\/p>\n<p>W\u00e4hrend die einen schon Vor-Ort waren dank Wohnmobil\/Wohnwagen &#8211; Sammelten sich die restlichen Chl\u00fcpplis wieder auf dem Park\/Campingplatz&#8230;<\/p>\n<p>Auch G\u00e4ste wurde mitgebracht!&nbsp;<\/p>\n<p>Die &#8222;kleine&#8220; Schwester von &#8222;Lara&#8220; gab ihr Gastspiel an der Pauke &#8211; Cool! Vielen Dank.&nbsp;<\/p>\n<p>Klein \/ Blond \/ Blaue Augen &#8211; Doch wer sich jetzt ein kleines Artiges M\u00e4dchen vorstellt liegt MEILEN weit daneben. Schon nach kurzer Zeit und einigen S\u00e4tzen war klar, &#8222;die kleine&#8220; hats FAUSTDICK hinter den Ohren! &#8211; Scheint also perfekt zu uns zu passen \ud83d\ude01<\/p>\n<p>Bei leicht nieseligem Wetter gings in die Startaufstellung&#8230;<\/p>\n<p>Viele Leute versammelten sich auf Freiensteiner Seite und so waren die ersten Meter des Umzuges sehr gut besucht! So macht es Freude zu spielen! Zwischen Freienstein und Rorbas waren dann einige Zuschauen weniger als normal postiert&#8230; Um wohl ein bisschen mehr Zuschauer anzulocken schmiedete unser Janic am Schlagzeug wohl insgeheim einen Plan! Eine SHOW musste her! Kurz dar\u00fcber nachgedacht \/ den Perfekten Moment abgewartet und it&#8217;s Showtime!<\/p>\n<p><video controls=\"controls\" width=\"600\" height=\"300\">\n<source src=\"https:\/\/chlueppliseck.ch\/wordpress\/wp-content\/uploads\/2023\/03\/VID-20230312-WA0037.mp4\" type=\"video\/mp4\"><\/video><\/p>\n<p>Kommt euch das bekannt vor? Na? Gibt Bonuspunkte wer es erraten kann&#8230; &#8211; RICHTIG! Unser Fritschi hatte diese Idee auch schon mal, leider gab es damals keine Videos davon \ud83d\ude05<\/p>\n<p>Dank Janics Showeinlage waren uns alle Blicke an der Umzugsroute sicher!<\/p>\n<p>Alle Augen auf die Chl\u00fcpplis \ud83d\udc40 &#8211; So muss das!<\/p>\n<p>Dank dieser Stunteinlage hat nun auch Janic den Legendenstatus offiziell erreicht!<\/p>\n<p><img data-recalc-dims=\"1\" decoding=\"async\" src=\"https:\/\/i0.wp.com\/media3.giphy.com\/media\/joeRYmOkLaj2U6hwdj\/giphy.gif?w=644&#038;ssl=1\" alt=\"Schitts Creek Comedy GIF by CBC\"><\/p>\n<p>Nach dem Umzug gab es dann auch noch einen Auftritt im Steigwiessaal zum Abschluss&#8230;<\/p>\n<p>Zum Abschluss? Nein! Doch! Ohhh \ud83d\ude31<\/p>\n<p>Fertig \/ Aus \/ Schluss \/ Fertig&#8230;<\/p>\n<p>Und wieder ist eine Saison um! Wir danken ganz herzlich allen unseren Zuh\u00f6rern und Supporter!<\/p>\n<p>Vielen Dank!<\/p>\n<p>Wir sagen Danke &#8211; 47 Jahre die Chl\u00fcpplis&#8230;<\/p>\n<hr>\n<p>Ok&#8230; Halt Stopp! Doch nicht ganz fertig!&nbsp;<\/p>\n<p>Spontan entschieden wir uns eine Woche sp\u00e4ter also letztes Wochenende (18. M\u00e4rz) f\u00fcr nochmals einen Auftritt an der Kinderfasnacht in B\u00fclach! &#8211; Ein toller kleiner Auftritt&#8230;<\/p>\n<p>Und am Abend gings dann gleich weiter &#8211; Lecks mich sind wir fleissige Gugger \ud83e\udd17<\/p>\n<p>Am Abend hatten wir in Wasterkingen noch einen Auftritt an einer Geburtstags\/Pensionierungsfeier von Heinz &#8222;H\u00e4ne&#8220; Meister.&nbsp;<\/p>\n<p>Wir m\u00f6chten uns ganz herzlich bedanken f\u00fcr diesen sch\u00f6nen Abend und die feinen Ap\u00e9ro Geb\u00e4cke sowie dem goldigen Lebenssaft! Vielen Dank!<\/p>\n<p>Und nun? &#8211; Nun jetzt gibts ein bisschen Pause, unser Musikus wird sich nun ans Noten schreiben machen f\u00fcr die n\u00e4chste Saison, unser Organisator hat bereits schlaflose N\u00e4chte um n\u00e4chstes Jahr noch eine geilere Saison zusammenzustellen, und auch der Rest der Chl\u00fcpplis wird bis zu GV fleissig sein!<\/p>\n<p><strong><em>In diesem Sinne &#8211; Tsch\u00fcss und bis bald &#8211; Eure Chl\u00fcpplis!<\/em><\/strong><\/p>\n<p>P.s Wir sehen uns SP\u00c4TESTENS am Concert of Nation &#8211; 24. Juni in Kloten &#8211; Bitte vormerken!<\/p>\n","protected":false},"excerpt":{"rendered":"<p>Wo bleibt der verdammte Bericht?&nbsp; Gute Frage! &#8211; Der Admin hat wohl wieder mal keine Zeit daf\u00fcr! Aber alle warten Sehns\u00fcchtig drauf \ud83d\ude2e Ja dann&#8230; Zu Befehl! &#8211; So halbe Seite gef\u00fcllt und noch nix geschrieben \ud83e\udd2a Wir besammelten uns am Samstag Nachmittag in Rorbas auf unserem angestammten Park bzw. Campingplatz! Vielen Dank an die&#8230;<\/p>\n","protected":false},"author":50,"featured_media":0,"comment_status":"open","ping_status":"open","sticky":false,"template":"","format":"standard","meta":{"ngg_post_thumbnail":0,"_jetpack_memberships_contains_paid_content":false,"footnotes":""},"categories":[1],"tags":[],"class_list":["post-13736","post","type-post","status-publish","format-standard","hentry","category-uncategorized"],"jetpack_featured_media_url":"","jetpack_sharing_enabled":true,"_links":{"self":[{"href":"https:\/\/chlueppliseck.ch\/wordpress\/wp-json\/wp\/v2\/posts\/13736","targetHints":{"allow":["GET"]}}],"collection":[{"href":"https:\/\/chlueppliseck.ch\/wordpress\/wp-json\/wp\/v2\/posts"}],"about":[{"href":"https:\/\/chlueppliseck.ch\/wordpress\/wp-json\/wp\/v2\/types\/post"}],"author":[{"embeddable":true,"href":"https:\/\/chlueppliseck.ch\/wordpress\/wp-json\/wp\/v2\/users\/50"}],"replies":[{"embeddable":true,"href":"https:\/\/chlueppliseck.ch\/wordpress\/wp-json\/wp\/v2\/comments?post=13736"}],"version-history":[{"count":5,"href":"https:\/\/chlueppliseck.ch\/wordpress\/wp-json\/wp\/v2\/posts\/13736\/revisions"}],"predecessor-version":[{"id":14460,"href":"https:\/\/chlueppliseck.ch\/wordpress\/wp-json\/wp\/v2\/posts\/13736\/revisions\/14460"}],"wp:attachment":[{"href":"https:\/\/chlueppliseck.ch\/wordpress\/wp-json\/wp\/v2\/media?parent=13736"}],"wp:term":[{"taxonomy":"category","embeddable":true,"href":"https:\/\/chlueppliseck.ch\/wordpress\/wp-json\/wp\/v2\/categories?post=13736"},{"taxonomy":"post_tag","embeddable":true,"href":"https:\/\/chlueppliseck.ch\/wordpress\/wp-json\/wp\/v2\/tags?post=13736"}],"curies":[{"name":"wp","href":"https:\/\/api.w.org\/{rel}","templated":true}]}}