{"id":13624,"date":"2023-03-08T17:37:01","date_gmt":"2023-03-08T16:37:01","guid":{"rendered":"https:\/\/chlueppliseck.ch\/wordpress\/?p=13624"},"modified":"2023-03-08T17:37:04","modified_gmt":"2023-03-08T16:37:04","slug":"4-fasnachtsweekend-andelfingen","status":"publish","type":"post","link":"https:\/\/chlueppliseck.ch\/wordpress\/2023\/03\/08\/4-fasnachtsweekend-andelfingen\/","title":{"rendered":"4. Fasnachts(Weekend) &#8211; Andelfingen"},"content":{"rendered":"\n<blockquote>\n<p>Fr\u00fcher war alles besser!<\/p>\n<\/blockquote>\n<p>Andelfingen war fr\u00fcher 2 Tage lang Fasnacht &#8211; Das ganze Dorf wurde zur Fasnachtshochburg.<\/p>\n<p>Im L\u00f6wensaal feierte man am Maskenball und auf dem Marktplatz war bis in die Nacht eine Mega Stimmung&#8230; Es gab einen &#8222;kleinen&#8220; Umzug am Samstag Abend&#8230;<\/p>\n<p>Geblieben ist &#8222;nur&#8220; noch der grosse Umzug am Sonntag &#8211; Ein Ph\u00e4nomen das an vielen Orten zu beobachten ist, sei es wegen fehlende Helfer, oder extrem strenge Auflagen, welche erf\u00fcllt werden m\u00fcssen.&nbsp;<\/p>\n<p>Vielen Dank an die Guggenmusik And\u00f6lfia das Sie trotzdem die Fasnacht Andelfingen weiter am Leben halten.&nbsp;<\/p>\n<p>Vor dem Umzug spielten wir in Kleinandelfingen, leider waren zu unserem Auftrittszeitpunkt noch nicht viele Leute vor Ort, die welche aber schon hier waren haben kr\u00e4ftig mit getanzt&#8230; Vielen Dank!<\/p>\n<p>Danach ging es weiter mit dem Umzug&#8230;.<\/p>\n<p>Der Umzug am Sonntag ist schon immer etwas spezielles, geht es doch von Kleinandelfingen ziemlich z\u00fcgig bergauf nach Andelfingen auf den Marktplatz. H\u00f6chstleistung f\u00fcr alle die keinen Wagen haben. (Hab ich schon erw\u00e4hnt das ich unseren Jubiwagen vermisse? \ud83e\udd2a )<\/p>\n<p>Das letzte mal in Andelfingen im 2017 &#8211; Hatten wir unseren Jubiwagen dabei, und gleiteten m\u00fchelos den Berg hinauf&#8230;<\/p>\n<p><img data-recalc-dims=\"1\" decoding=\"async\" src=\"https:\/\/i0.wp.com\/chlueppliseck.ch\/wordpress\/wp-content\/gallery\/fasnacht-andelfingen-2017\/IMG-20170314-WA0020.jpg?w=644&#038;ssl=1\"><\/p>\n<p>Doch dieses mal war wieder der 2-Bein Antrieb gefragt!<\/p>\n<p>Besonders unsere Schlagzeuger m\u00fcssen H\u00f6chstleistungen erbringen, um den Berg zu erklimmen&#8230;<\/p>\n<p>(&lt;- Ha, das reimt sich \ud83d\ude0b)<\/p>\n<p><img data-recalc-dims=\"1\" decoding=\"async\" src=\"https:\/\/i0.wp.com\/chlueppliseck.ch\/wordpress\/wp-content\/gallery\/andelfingen-2023\/IMG-20230305-WA0035.jpg?w=644&#038;ssl=1\"><\/p>\n\n\n\n<p>Dank den zahlreichen Zuschauern, welche sich am Umzug in Andelfingen am Strassenrand finden, ist jedoch auch diese Anstrengung schnell vergessen&#8230;&nbsp;<\/p>\n<p>Und nach dem Umzug gibt es ja noch die Umzugsverpflegung! &#8211; Feini H\u00f6rnli mit Ghackets! MMMMhhhmmm&#8230; &#8211; Vielen Dank auch hier den Organisatoren.<\/p>\n<p>Nach dem Umzug ging es dann f\u00fcr die meisten Chl\u00fcpplis relativ z\u00fcgig nach Hause&#8230;&nbsp;<\/p>\n<p>Ausser unser Janic &#8211; der hatte wohl noch nicht genug Kilometer mit dem Schlagzeug gesammelt!<\/p>\n<p>W\u00e4hrend wir Zielstrebig direkt zum unserem Parkplatz liefen, g\u00f6nnte sich Janic eine Extra Runde &#8211; Nochmals zum Umzugsstart und zur\u00fcck zum Parkplatz.<\/p>\n<p><img data-recalc-dims=\"1\" decoding=\"async\" src=\"https:\/\/i0.wp.com\/media0.giphy.com\/media\/3o7aCTPPm4OHfRLSH6\/giphy.gif?w=644&#038;ssl=1\" alt=\"Spongebob Squarepants Reaction GIF\"><\/p>\n<p>&#8211; Zu seiner Verteidigung zu sagen ist, das er denn direkten Weg (noch) nicht kannte.<\/p>\n<p>Ich wette aber das er sich das n\u00e4chste mal daran erinnern wird \ud83d\ude05 \ud83d\ude02<\/p>\n<p>So long &#8211; Eure Chl\u00fcpplis&#8230;<\/p>\n<p>P.S Wie immer findet Ihr die Bilder vom Fasnachtsumzug in Andelfingen in unserer <a href=\"https:\/\/chlueppliseck.ch\/wordpress\/foto-galerie\/fotos-aktuelle-saison\/\">Bildergalerie!<\/a><\/p>\n<p>&nbsp;<\/p>\n<blockquote>\n<p><em><strong>Wir sehen uns n\u00e4chstes Weekend in Rorbas wieder zum Abschluss geben wir nochmals Vollgas!<\/strong><\/em><\/p>\n<p><em><strong>Samstag am Maskenball im Steigwiessaal in Rorbas um 21:45 Uhr, und am Sonntag am grossen Umzug!<\/strong><\/em><\/p>\n<p><em><strong>Wir freuen uns&#8230;<\/strong><\/em><\/p>\n<\/blockquote>\n<p>&nbsp;<\/p>\n","protected":false},"excerpt":{"rendered":"<p>Fr\u00fcher war alles besser! Andelfingen war fr\u00fcher 2 Tage lang Fasnacht &#8211; Das ganze Dorf wurde zur Fasnachtshochburg. Im L\u00f6wensaal feierte man am Maskenball und auf dem Marktplatz war bis in die Nacht eine Mega Stimmung&#8230; Es gab einen &#8222;kleinen&#8220; Umzug am Samstag Abend&#8230; Geblieben ist &#8222;nur&#8220; noch der grosse Umzug am Sonntag &#8211; Ein&#8230;<\/p>\n","protected":false},"author":50,"featured_media":0,"comment_status":"open","ping_status":"open","sticky":false,"template":"","format":"standard","meta":{"ngg_post_thumbnail":0,"_jetpack_memberships_contains_paid_content":false,"footnotes":""},"categories":[1],"tags":[],"class_list":["post-13624","post","type-post","status-publish","format-standard","hentry","category-uncategorized"],"jetpack_featured_media_url":"","jetpack_sharing_enabled":true,"_links":{"self":[{"href":"https:\/\/chlueppliseck.ch\/wordpress\/wp-json\/wp\/v2\/posts\/13624","targetHints":{"allow":["GET"]}}],"collection":[{"href":"https:\/\/chlueppliseck.ch\/wordpress\/wp-json\/wp\/v2\/posts"}],"about":[{"href":"https:\/\/chlueppliseck.ch\/wordpress\/wp-json\/wp\/v2\/types\/post"}],"author":[{"embeddable":true,"href":"https:\/\/chlueppliseck.ch\/wordpress\/wp-json\/wp\/v2\/users\/50"}],"replies":[{"embeddable":true,"href":"https:\/\/chlueppliseck.ch\/wordpress\/wp-json\/wp\/v2\/comments?post=13624"}],"version-history":[{"count":1,"href":"https:\/\/chlueppliseck.ch\/wordpress\/wp-json\/wp\/v2\/posts\/13624\/revisions"}],"predecessor-version":[{"id":13625,"href":"https:\/\/chlueppliseck.ch\/wordpress\/wp-json\/wp\/v2\/posts\/13624\/revisions\/13625"}],"wp:attachment":[{"href":"https:\/\/chlueppliseck.ch\/wordpress\/wp-json\/wp\/v2\/media?parent=13624"}],"wp:term":[{"taxonomy":"category","embeddable":true,"href":"https:\/\/chlueppliseck.ch\/wordpress\/wp-json\/wp\/v2\/categories?post=13624"},{"taxonomy":"post_tag","embeddable":true,"href":"https:\/\/chlueppliseck.ch\/wordpress\/wp-json\/wp\/v2\/tags?post=13624"}],"curies":[{"name":"wp","href":"https:\/\/api.w.org\/{rel}","templated":true}]}}