{"id":13515,"date":"2023-02-25T13:46:18","date_gmt":"2023-02-25T12:46:18","guid":{"rendered":"https:\/\/chlueppliseck.ch\/wordpress\/?p=13515"},"modified":"2023-02-25T13:48:19","modified_gmt":"2023-02-25T12:48:19","slug":"3-fasnachtsweekend-2023-hauptweekend","status":"publish","type":"post","link":"https:\/\/chlueppliseck.ch\/wordpress\/2023\/02\/25\/3-fasnachtsweekend-2023-hauptweekend\/","title":{"rendered":"3. Fasnachtsweekend 2023 (Hauptweekend)"},"content":{"rendered":"\n<p>Und endlich stand es an, das Hauptfasnachtsweekend 3 Tage Fasnacht!<span class=\"emoji-copy-paste\">\ud83e\udd73<\/span><span class=\"emoji-copy-paste\">\ud83c\udf89<\/span><\/p>\n<p>Bereits am Donnerstag Abend, fanden sich die 1. Chl\u00fcpplis in Pf\u00e4fers ein. Der Rest folgte dann am Freitag im Laufe des Nachmittags.<\/p>\n<p>Zu Gast bei unseren &#8222;B\u00fcndner&#8220; &#8211; HALT! STOP! &#8211; Pf\u00e4fers liegt doch nicht im B\u00fcndnerland! Korrekt &#8211; Aber f\u00fchlt sich halt irgendwie so an<span class=\"emoji-copy-paste\">\ud83e\udd2a<\/span><\/p>\n<p>Danke an Andrea und Edwin f\u00fcr das Asyl in Pf\u00e4fers. 1 ganzes Wochenende stellen Andrea und Edwin Ihr zuhause f\u00fcr unseren gesamten Haufen zur Verf\u00fcgung! Ihr k\u00f6nnt euch ja vorstellen wie es dann nach so einem Wochenende aussehen d\u00fcrfte:<\/p>\n<p><img data-recalc-dims=\"1\" decoding=\"async\" src=\"https:\/\/i0.wp.com\/media2.giphy.com\/media\/137TKgM3d2XQjK\/giphy.gif?w=644&#038;ssl=1\" alt=\"Donald Glover Pizza GIF\"><\/p>\n<p>Auch nat\u00fcrlich immer noch im Hinterkopf wie die Chl\u00fcpplis am 50. Geburtstag von Edwin eingeladen waren.<\/p>\n<p>Manu optimierte damals das Treppengel\u00e4nder und Ste* vollf\u00fchrte einen Chr\u00e4nzler <sub>(Chr\u00e4nzler = Chopf-R\u00e4nzler)<\/sub> in den Whirlpool&#8230; -*Ist nicht zu 100% erwiesen, aber CSI Chl\u00fcppli brauchten einen schuldigen<span class=\"emoji-copy-paste\">\ud83d\ude1d<\/span><\/p>\n<p>Anyway ich bin schon wieder in den ersten paar Zeilen abgeschweift^^<\/p>\n<p>Wo waren wir? Achja Fasnachtsweekend!&nbsp;<\/p>\n<p>Wir bezogen am Freitag das Feuerwehrdepot in Pf\u00e4fers, welches wir ja bereits bestens kennen.<\/p>\n<p>(Geburi Edwin \/ Fasnachtsweekend \/ Probeweekend etc.)<\/p>\n<p>Dann nach dem Bezug des Depots &#8211; Ging es zum Schminken, damit wir dann schon bald den Anh\u00e4nger mit den Instrumenten beladen konnten.&nbsp;<\/p>\n<p>Alles drin? &#8211; Alles drin! Dann heisst es Abfahrt nach Vilters.&nbsp;<\/p>\n<p>\u00dcber die Serpentinen zuerst nach Bad-Ragaz danach Richtung Vilters, was mit einer entspannten Fahrt begann, eskalierte dann ziemlich schnell! Anh\u00e4nger OFFEN!<\/p>\n<p><img data-recalc-dims=\"1\" decoding=\"async\" src=\"https:\/\/i0.wp.com\/media0.giphy.com\/media\/FSF1FhetMGavzSUe06\/giphy.gif?w=644&#038;ssl=1\" alt=\"Surprise Fail GIF by comparethemarket\">&nbsp;<\/p>\n<p>Wieviele Instrumente haben wir bereits auf der Fahrt verloren? Hat es \u00fcberhaupt noch Instrumente im H\u00e4nger? Kurzer Schreck &#8211; Schnell auf die Seite! Nat\u00fcrlich genau in diesem Moment hinter uns die Polizei dein Freund und Helfer, aber die hat es wohl nicht interessiert &#8211; Blinker links und zack an uns vorbei&#8230;<\/p>\n<p>Nach kurzer Kontrolle &#8211; Alles bestens&#8230; (Ausser die offene T\u00fcr)<span class=\"emoji-copy-paste\">\ud83d\ude05 &#8211; Schnell verschliessen und weiter gehts! &#8211; Oder auch nicht! &#8211; Nach weiteren 500m war die verdammte Sch* T\u00fcr des H\u00e4ngers schon wieder offen! &#8211; Schloss dran gefriemelt und fertig, hat dann zum Gl\u00fcck gehalten!<\/span><\/p>\n<p>Gef\u00fchlt schon 500 Zeilen Text, und wir sind noch nicht mal am 1. Auftritt^^<\/p>\n<p>Angekommen in Vilters zog es uns direkt zur leuchtenden \/ blinkenden Bar &#8211; Wie die Motten zum Licht! &#8211; Doch noch ist alles zu! Wir sind ein bisschen fr\u00fch dran, die Organisatoren \u00f6ffneten dann aber spontan f\u00fcr uns Chl\u00fcpplis bereits die Bar! Vielen Dank daf\u00fcr!&nbsp;<\/p>\n<p>Zuerst stand ein Sternenmarsch an, durchs Dorf zur\u00fcck zum Schulareal.<\/p>\n<p><img data-recalc-dims=\"1\" decoding=\"async\" src=\"https:\/\/i0.wp.com\/chlueppliseck.ch\/wordpress\/wp-content\/gallery\/hauptfasnachtsweekend-2023-vilters-wangs-pfaefers\/20230217_194243.jpg?w=644&#038;ssl=1\"><\/p>\n<p>P\u00fcnktlich zottelten wir los, und kamen kurz darauf auf dem Schulareal an und wurden empfangen. Dann hiess es warten&#8230; und warten&#8230; und warten&#8230; Der Speaker witzelte ob sich die Einheimischen Guggen wohl verlaufen haben? Sie kamen aber dann nach gef\u00fchlter Ewigkeit doch noch an&#8230;&nbsp;<\/p>\n<p>Weiter gings dann mit einem Auftritt auf dem Pausenplatz, und zum Abschluss um 01:00 Uhr! Der Auftritt auf der B\u00fchne in der Halle. Bei uns um 01:00 Uhr w\u00e4re wohl kaum noch jemand Vor-Ort. Aber hier war die Halle noch gut gef\u00fcllt, und wir konnten einen sch\u00f6nen Auftritt hinschmettern! Oder wie die Veranstalter sagten:<\/p>\n<p><strong><em>&#8222;Ihr sind nid die best\u00e4, aber die geilste &#8211; Scheisse isch da en geile Sound!&#8220;<\/em><\/strong><\/p>\n<p><img data-recalc-dims=\"1\" decoding=\"async\" src=\"https:\/\/i0.wp.com\/chlueppliseck.ch\/wordpress\/wp-content\/gallery\/hauptfasnachtsweekend-2023-vilters-wangs-pfaefers\/20230218_010326.jpg?w=644&#038;ssl=1\"><\/p>\n<p>Somit haben wir &#8222;die Z\u00fczis&#8220; abgeliefert, und konnten hoffentlich einen bleibenden Eindruck hinterlassen&#8230;<\/p>\n<p>Nun gings zur\u00fcck nach Pf\u00e4fers ins Bett &#8211; Zumindest f\u00fcr einige!<\/p>\n<p>W\u00e4hrend die meisten bereits gem\u00fctlich am schlafen waren, feierten einige Partyw\u00fctige Chl\u00fcpplis bis in die Morgenstunden!&nbsp;<\/p>\n<p>Sushi hats wohl auch ein bisschen \u00fcbertrieben, und hat um halb 4 Uhr morgens noch unsere Unterkunft gesucht! Schnell ein Telefon UM HALB 4 UHR gemacht, und nun wusste auch Sushi wo er sich hinlegen durfte&#8230;<\/p>\n<hr>\n<p>Der n\u00e4chste Morgen&#8230;<\/p>\n<p>Am Samstag stand dann der Umzug in Wangs auf dem Programm&#8230;<\/p>\n<p>Nach einem feinem Zmorgen @ Schneiders &#8211; Home, ging es wieder an Schminken und bereit machen&#8230;. Mit dem B\u00fcssli gings dann nach Wangs. Diesmal mit bereits von beginn an verschlossenem H\u00e4nger!<\/p>\n<p>Vor 5 Jahren waren wir bereits schon mal hier! In Erinnerung das Einstehen f\u00fcr den Umzug draussen auf dem Feld. Bei klirrender K\u00e4lte und Wind! Doch dieses mal waren wir mit Heissgetr\u00e4nken ausger\u00fcstet&#8230;. Bl\u00f6\u00f6d nur das es kein bisschen Kalt war, nein im Gegenteil es war schon fast sengend Heiss!<span class=\"emoji-copy-paste\">\ud83e\udd2f<\/span><span class=\"emoji-copy-paste\">\ud83d\udd25<\/span><\/p>\n<p><img data-recalc-dims=\"1\" decoding=\"async\" src=\"https:\/\/i0.wp.com\/chlueppliseck.ch\/wordpress\/wp-content\/gallery\/hauptfasnachtsweekend-2023-vilters-wangs-pfaefers\/Bild-RolandThomann1.jpg?w=644&#038;ssl=1\"><\/p>\n<p>Vor allem der letzte Anstieg zum Ratshausplatz war m\u00f6rderisch! Nicht lange gefackelt hat unsere Andy, kurzerhand aus der Formation ausgeschert und im n\u00e4chsten Laden Wasser geholt! Ja Ihr lest richtig WASSER! Vielen Dank daf\u00fcr!<\/p>\n<p>Weiter gings mit einem Monsterkonzert auf dem Ratshausplatz und je einem St\u00fccken jeder Gugge als Einzel Auftritt. Danach gabs ein bisschen Zeit um auszuruhen.<\/p>\n<blockquote>\n<p>Sch\u00f6ppeZiit!<\/p>\n<\/blockquote>\n<p><img data-recalc-dims=\"1\" decoding=\"async\" src=\"https:\/\/i0.wp.com\/chlueppliseck.ch\/wordpress\/wp-content\/gallery\/hauptfasnachtsweekend-2023-vilters-wangs-pfaefers\/IMG-20230218-WA0038.jpg?w=644&#038;ssl=1\"><\/p>\n<p>Nach kurzer Auszeit, machte sich dann bereits der Hunger bemerkbar! Leider konnten wir nirgends f\u00fcrs gemeinsame Essen in Wangs reservieren. Doch dank Andrea haben wir kurzerhand ein Restaurant in Sargans reserviert. Ins B\u00fcssli reingesprungen und ab nach Sargans ins Hotel Post.&nbsp;<\/p>\n<p>Im Schr\u00e4nzerst\u00fcbli machten wir es uns bequem. Mit ein bisschen Versp\u00e4tung stoss dann auch Queen Lex zu uns. Queen Lex? &#8211; Ja so f\u00fchlte es sich an, denn Lex ist\/war wohl Stammgast in diesem Lokal, was wir nat\u00fcrlich nicht wussten! Und so kam Lex und bestellte nicht etwas einfaches ordin\u00e4res zu Essen wie wir, NEIN es musste ein Fondue Chinoise \u00e0 Discretion her! Und dann noch das eine oder andere Extra dazu&#8230;<span class=\"emoji-copy-paste\">\ud83d\ude0e<\/span><\/p>\n<p>Nach dem St\u00e4rken ging es dann wieder nach Wangs wo noch 2 weitere Auftritte auf dem Programm standen. Den ersten absolvierten wir im Happy Pub, bzw. nicht im sondern draussen vor dem Happy Pub. Leider liessen sich die Leute nicht aus dem Pub bringen, und so war der Auftritt f\u00fcr einige wenige Fasnachts\/Guggenmusik Liebhaber reserviert.&nbsp;<\/p>\n<p>Den 2. Auftritt absolvierten wir dann bei der Salami-Bar &#8211; Dort war das Festgel\u00e4nde Prall gef\u00fcllt!&nbsp;<\/p>\n<p>Und so absolvierten wir mit letzter Kraft auch noch den Abschluss Auftritt f\u00fcr den Samstag.<\/p>\n<p>Danach ging es zur\u00fcck nach Pf\u00e4fers in FW-Depot oder in die Bar in Pf\u00e4fers&#8230; Oben angekommen dann die Ern\u00fcchterung &#8211; Bar geschlossen! Und das um 11:00 Uhr! Waren wohl alle Pf\u00e4ferser am Freitag zu lange in der Bar<span class=\"emoji-copy-paste\">\ud83e\udd2b<\/span><\/p>\n<p>Aber nat\u00fcrlich liessen wir uns nicht davon abhalten, und dislozierten kurzerhand ins Schneider Home&#8230;<\/p>\n<p>Aus dem gem\u00fctlichen Ausklingen lassen, wurde dann innert k\u00fcrzester Zeit Hochleistungssport f\u00fcr unsere Lachmuskeln! Wir spielten in einer riesigen Gruppe das B\u00fcntzlitum. Einfach nur Sau-Glatt das Spiel! Bei ein zwei Bierchen oder 3-4 Rahm-R\u00f6teli&#8230; G\u00e4ll Andy!<span class=\"emoji-copy-paste\">\ud83d\ude09 Am Mittag noch mit dem rettenden Wasser unterwegs wollte es Andy wissen, und ging am Abend mit dem Rahm-R\u00f6teli steil! (Zumindest kurz&#8230;)<\/span><\/p>\n<p>So, nun war es Zeit f\u00fcr die Heia&#8230; Schliesslich ging es dann am Sonntag in Pf\u00e4fers weiter&#8230;<\/p>\n<hr>\n<p>Sonntag Morgen &#8211; Same procedure as every Year James? &#8211; Same procedure as every Year Madame!<\/p>\n<p>Feiner Zmorgen in Schneiders Home, und dann wieder Schminken, und bereit machen f\u00fcr den letzten Tag.<\/p>\n<p>Puhh so langsam ziehts an der Substanz! Aber aufgeben gibt es nicht! Zumindest nicht f\u00fcr die Chl\u00fcpplis.&nbsp;<\/p>\n<p>Also los los los&#8230;.<\/p>\n<p>Vor dem Umzug noch kurz die Unterkunft putzen, und alles wieder in Pico-Bellen Zustand zur\u00fcckgeben. So und nicht anders!<\/p>\n<p>Dann marschierten wir in voller Pracht durch Pf\u00e4fers&#8230;<\/p>\n<p><img data-recalc-dims=\"1\" decoding=\"async\" src=\"https:\/\/i0.wp.com\/chlueppliseck.ch\/wordpress\/wp-content\/gallery\/hauptfasnachtsweekend-2023-vilters-wangs-pfaefers\/52706179467_96fed97f7b_6k.jpg?w=644&#038;ssl=1\"><\/p>\n<p>Bei sch\u00f6nstem Sonnenschein, blauem Himmel und schon fast Fr\u00fchlingshaften Temperaturen&#8230;<\/p>\n<p>Nach dem Umzug dann ein weiteres von gef\u00fchlt 207 Monsterkonzerten mit den ans\u00e4ssigen Guggen.&nbsp;<\/p>\n<p>Gedanklich fieberten wir schon unserem Auftritt in der Halle entgegen&#8230; Doch zuerst gab es nach erklimmen des Berges in der MZH was in die Futterklappe&#8230; B\u00fcndner Gerstensuppe mit Wienerli&#8230;. Mhhhm fein! Nat\u00fcrlich weit weg von der B\u00fcndner Gerstensuppe von Edwin, welche halt vom Geschmacklichen Level WELTEN besser ist&#8230;<\/p>\n<p>Nat\u00fcrlich durfte nach dem Essen auch nicht das obligate &#8222;Schl\u00f6fli&#8220; fehlen &#8211; Neue Kraft f\u00fcr den bevorstehenden Auftritt tanken!&#8230;<\/p>\n<p><img data-recalc-dims=\"1\" decoding=\"async\" src=\"https:\/\/i0.wp.com\/chlueppliseck.ch\/wordpress\/wp-content\/gallery\/hauptfasnachtsweekend-2023-vilters-wangs-pfaefers\/IMG-20230219-WA0015.jpg?w=644&#038;ssl=1\"><\/p>\n<p>Nochmals alles geben stand auf dem Programm! Obwohl die Lippen, <em>(welche sind eurer Fantasie \u00fcberlassen), <\/em>durch das ganze Wochenende schon ziemlich gelitten hatten, wurden sie doch zusammengepresst, gedehnt, mit Fl\u00fcssigem benetzt etc., packten wir den Auftritt mit Bravour!<\/p>\n<p>Die Halle bebte! Und es war einfach COOOL anzusehen\/anzuh\u00f6ren&#8230;<\/p>\n<p><img data-recalc-dims=\"1\" decoding=\"async\" src=\"https:\/\/i0.wp.com\/chlueppliseck.ch\/wordpress\/wp-content\/gallery\/hauptfasnachtsweekend-2023-vilters-wangs-pfaefers\/IMG-20230219-WA0048.jpg?w=644&#038;ssl=1\"><\/p>\n<p>Doch auch nach diesem Auftritt war noch nicht Schluss!<\/p>\n<p>Nein, es erwartete uns noch der Sternmarsch und \u00dcberraschung! *Trommelwirbel*<\/p>\n<p>&#8211; Ein weiteres Monsterkonzert&#8230;&nbsp;<\/p>\n<p>P\u00fcnktlich marschierten wir bei Dunkelheit und ziemlich biesigem Wind los&#8230; Von den anderen Guggen keine Spur! Bzw. da war nur noch eine weitere Gugge, die einheimische Gugge, welche aber wie schon am Freitag den Abmarsch nicht ganz so p\u00fcnktlich nahmen&#8230; Also warteten wir ein weiteres mal, und unterhielten die Anwesenden Fasnachts-Begeisterten mit einem spontanen Sing St\u00e4ndchen&#8230;&nbsp;<\/p>\n<p>Es wurde Gesungen \/ Geschaukelt \/ Gewitzelt&#8230;<\/p>\n<p>Ja es dachte sogar ein Zuh\u00f6rer das dies nun unser Auftritt war! &#8211; Wir kl\u00e4rten in dann auf, das wir zwar auch gut singen k\u00f6nnen, aber dann doch lieber zum sp\u00e4teren Zeitpunkt noch ein Konzert mit unseren Instrumenten zum besten geben!<\/p>\n<p>Und das wars dann auch schon! 3 Tage voller Freude und viel Fasnacht gingen zu Ende.&nbsp;<\/p>\n<p>Wir w\u00fcnschen euch somit weiterhin eine sch\u00f6ne Zeit..<\/p>\n<p>Wir die Chl\u00fcpplis machen nun 1 Wochenende Pause, bevor wir dann am 5. M\u00e4rz in Andelfingen am grossen Fasnachtsumzug anzutreffen sind!<\/p>\n<p>F\u00fcr weitere Impressionen, klickt euch durch die <a href=\"https:\/\/chlueppliseck.ch\/wordpress\/hauptfasnachtsweekend-2023-vilters-wangs-pfaefers\/\">Bildergalerie!<\/a><\/p>\n<p>&nbsp;<\/p>\n","protected":false},"excerpt":{"rendered":"<p>Und endlich stand es an, das Hauptfasnachtsweekend 3 Tage Fasnacht!\ud83e\udd73\ud83c\udf89 Bereits am Donnerstag Abend, fanden sich die 1. Chl\u00fcpplis in Pf\u00e4fers ein. Der Rest folgte dann am Freitag im Laufe des Nachmittags. Zu Gast bei unseren &#8222;B\u00fcndner&#8220; &#8211; HALT! STOP! &#8211; Pf\u00e4fers liegt doch nicht im B\u00fcndnerland! Korrekt &#8211; Aber f\u00fchlt sich halt irgendwie so&#8230;<\/p>\n","protected":false},"author":50,"featured_media":0,"comment_status":"open","ping_status":"open","sticky":false,"template":"","format":"standard","meta":{"ngg_post_thumbnail":0,"_jetpack_memberships_contains_paid_content":false,"footnotes":""},"categories":[1],"tags":[],"class_list":["post-13515","post","type-post","status-publish","format-standard","hentry","category-uncategorized"],"jetpack_featured_media_url":"","jetpack_sharing_enabled":true,"_links":{"self":[{"href":"https:\/\/chlueppliseck.ch\/wordpress\/wp-json\/wp\/v2\/posts\/13515","targetHints":{"allow":["GET"]}}],"collection":[{"href":"https:\/\/chlueppliseck.ch\/wordpress\/wp-json\/wp\/v2\/posts"}],"about":[{"href":"https:\/\/chlueppliseck.ch\/wordpress\/wp-json\/wp\/v2\/types\/post"}],"author":[{"embeddable":true,"href":"https:\/\/chlueppliseck.ch\/wordpress\/wp-json\/wp\/v2\/users\/50"}],"replies":[{"embeddable":true,"href":"https:\/\/chlueppliseck.ch\/wordpress\/wp-json\/wp\/v2\/comments?post=13515"}],"version-history":[{"count":4,"href":"https:\/\/chlueppliseck.ch\/wordpress\/wp-json\/wp\/v2\/posts\/13515\/revisions"}],"predecessor-version":[{"id":13519,"href":"https:\/\/chlueppliseck.ch\/wordpress\/wp-json\/wp\/v2\/posts\/13515\/revisions\/13519"}],"wp:attachment":[{"href":"https:\/\/chlueppliseck.ch\/wordpress\/wp-json\/wp\/v2\/media?parent=13515"}],"wp:term":[{"taxonomy":"category","embeddable":true,"href":"https:\/\/chlueppliseck.ch\/wordpress\/wp-json\/wp\/v2\/categories?post=13515"},{"taxonomy":"post_tag","embeddable":true,"href":"https:\/\/chlueppliseck.ch\/wordpress\/wp-json\/wp\/v2\/tags?post=13515"}],"curies":[{"name":"wp","href":"https:\/\/api.w.org\/{rel}","templated":true}]}}