{"id":13338,"date":"2023-02-12T19:50:01","date_gmt":"2023-02-12T18:50:01","guid":{"rendered":"https:\/\/chlueppliseck.ch\/wordpress\/?p=13338"},"modified":"2023-02-12T19:50:04","modified_gmt":"2023-02-12T18:50:04","slug":"2-fasnachtsweekend-2023-guggennight-kloten-schraenzair-eiken","status":"publish","type":"post","link":"https:\/\/chlueppliseck.ch\/wordpress\/2023\/02\/12\/2-fasnachtsweekend-2023-guggennight-kloten-schraenzair-eiken\/","title":{"rendered":"2. Fasnachtsweekend 2023 Guggennight Kloten \/ Schr\u00e4nzAir Eiken"},"content":{"rendered":"\n<p>Und weiter gehts&#8230; \ud83d\ude0e\ud83e\udd29 Das n\u00e4chste Weekend stand auf dem Programm&#8230; Nummero Due&#8230;<\/p>\n<p>Am Freitag Abend waren wir zu Gast in Kloten an der Guggennight im Dorfn\u00e4scht Kloten &#8211; Praktisch das 2. Heimspiel in dieser Saison. Gleich unterhalb &#8222;unseres&#8220; Probelokals wurde im kleinen aber feinen Rahmen die Guggennight Kloten durchgef\u00fchrt.&nbsp;<\/p>\n<p>Bei eisigen Temperaturen, er\u00f6ffneten wir die Guggennight vor zahlreichen Zuschauern. Auch einige ehemalige Chl\u00fcpplis haben den Weg ins Dorfn\u00e4scht gefunden, welch Freud! \ud83e\udd17<\/p>\n<p><img data-recalc-dims=\"1\" decoding=\"async\" src=\"https:\/\/i0.wp.com\/chlueppliseck.ch\/wordpress\/wp-content\/gallery\/weekend-guggenight-kloten-schraenzair-eiken\/IMG-20230211-WA0016.jpg?w=644&#038;ssl=1\"><\/p>\n<p>Dank diversen Feuerschalen, war auch das ausharren in der K\u00e4lte nicht so ein grosses Problem, und wenn dann endlich die Guggen spielen, wird einem ja sowieso warm beim tanzen und singen \ud83c\udfbc\ud83c\udfa4<\/p>\n<p>Auch Sushi (Marco) dachte sich wohl, mir wird warm werden! Denn er erschien bei seinem 1. Auftritt im Jahr 2023 OHNE Stulpen! Nein &#8211; Doch &#8211; Ohh! Welch Schande! &#8211; Nein quatsch halb so schlimm, kann ja mal passieren, und in der Regel kommt unser Sushi eher overdressed oder soll ich sagen overpainted?<\/p>\n<h6>(Wir Erinnern uns &#8211; Krebslauf Wallisellen &#8211; Seit Jahren OHNE Schminke! Ausser bei Sushi XD)<\/h6>\n<p>Gem\u00fctlich bei angemessener B\u00fchnengr\u00f6sse, spielten wir auf&#8230;<\/p>\n<p>Beim Auftritt durften wir unseren ehemaligen H\u00e4nggi-Man zum solieren bei der &#8222;Schwingi&#8220; bringen. Vielen Dank daf\u00fcr \ud83d\ude18<\/p>\n<p>Nach 22:00 Uhr wurde die Party dann in die innen R\u00e4ume verlegt, es k\u00f6nnte sich ja jemand vom L\u00e4rm gest\u00f6rt f\u00fchlen \ud83d\ude44 &#8211; Im INDUSTRIEGEBIET! wohlgemerkt&#8230;<\/p>\n<p>Wir feierten wie es sich geh\u00f6rt bis in den morgen hinein&#8230; &#8211; Konnten doch viele am Samstag ausschlafen, da wir erst gegen Abend dann weiter nach Eiken gingen&#8230;<\/p>\n<p>Eine Chl\u00fcppli-Dame feierte so ausgelassen, das Sie nicht mehr ganz mit Tenue Komplett nach Hause ging&#8230; Ein bisschen Kopf &#8211; Pardon! Hutlos \ud83e\udd2a<\/p>\n<p>Dank unserem Neuzugang Michi, kam aber der Hut unbeschadet nach Hause, und hat seine Besitzerin in Eiken dann wiedergefunden&#8230;&nbsp;<\/p>\n<hr>\n<p>Samstag &#8211; Auf dem Programm steht die Schr\u00e4nzAir in Eiken (Kt. Aargau)<\/p>\n<p>Ab geht&#8217;s in den &#8222;Weiss Socken Kanton &#8211; Yiipie&#8220;, auf der Fahrt nach Eiken haben wir von Fritschi eine Kanton Aargau Lektion bekommen. Wunderbares Wissen rund um Kanton \/ Grenzwache. Wusstet Ihr das der Kanton Aargau &#8222;fr\u00fcher&#8220; andere Leitpfosten* hatte wie wir im Kanton Z\u00fcrich? &#8211; Ich wette das wusstet Ihr nicht! Ha!<\/p>\n<h6>*Diese Schwarz-Weissen Dinger am Strassenrand, welche so unsch\u00f6ne Dellen in der Frontsch\u00fcrze und dem Unterboden geben k\u00f6nnen&#8230;<\/h6>\n<p>Und auch am Samstag war es wieder ein Freiluft-Spektakel, draussen an der frischen und immer noch ziemlich kalten Luft!&nbsp;<\/p>\n<p>Als wir ankamen war das Schulareal sehr gut mit Leuten (Guggern) gef\u00fchlt, leider liessen die Leute aber irgendwie relativ schnell wieder nach da Gef\u00fchlt jede andere Gugge nur kurz zum Spielen vorbei kam, und dann wieder weiterzog&#8230;<\/p>\n<p><img data-recalc-dims=\"1\" decoding=\"async\" src=\"https:\/\/i0.wp.com\/chlueppliseck.ch\/wordpress\/wp-content\/gallery\/weekend-guggenight-kloten-schraenzair-eiken\/IMG-20230212-WA0017.jpg?w=644&#038;ssl=1\"><\/p>\n<p>Den Auftritt haben wir nat\u00fcrlich mit unserem einzigartigen Charme gemeistert, und konnten das Publikum begeistern! (Auch wenn wir wieder einmal eher zu den kleinsten gez\u00e4hlt haben^^) &#8211; Klein aber Fein mit bestechendem Sound und einer RIESEN Freude am Guggenlifestyle!<\/p>\n<p>Nach dem Auftritt war dann geniessen angesagt, ein bisschen was Essen \/ Trinken und mal kurz auf die Toilette&#8230;&nbsp;<\/p>\n<blockquote>\n<p><strong><em>Ronny dachte sich wohl &#8222;Doing Business, while doing Business!&#8220;&nbsp;<\/em><\/strong><\/p>\n<\/blockquote>\n<p>Die besten Gesch\u00e4ft werden abgeschlossen w\u00e4hrend dem Gesch\u00e4ft &#8211; Nicht war?&nbsp;<\/p>\n<p>Ronny wurde auf der Toilette gefragt, ob wir evtl. Lust h\u00e4tten sp\u00e4ter nochmals auf der B\u00fchne aufzutreten!<\/p>\n<h6>Und ja M\u00e4dels, ihr seht auch auf dem M\u00e4nner Klo wird sich Rege ausgetauscht^^<\/h6>\n<p>Ob wir denn schon alle St\u00fccke gezeigt h\u00e4tten? &#8211; N\u00f6 nat\u00fcrlich nicht! 20 Minuten &#8211; Das reicht knapp f\u00fcr die H\u00e4lfte unseres Repertoires! &#8211; Gesagt getan, nach kurzer R\u00fccksprache hatten wir also einen 2. Auftritt zum Abschluss der Schr\u00e4nzAir bekommen&#8230; Vielen Dank \ud83d\ude0e<\/p>\n<p>Ein weiteres Tolles Weekend geht somit zu Ende!<\/p>\n<p>Wir sehen uns n\u00e4chstes Wochenende in Vilters \/ Wangs \/ Pf\u00e4fers! Grosses Hauptfasnachtsweekend.&nbsp;<\/p>\n<p>Eure Chl\u00fcpplis<\/p>\n","protected":false},"excerpt":{"rendered":"<p>Und weiter gehts&#8230; \ud83d\ude0e\ud83e\udd29 Das n\u00e4chste Weekend stand auf dem Programm&#8230; Nummero Due&#8230; Am Freitag Abend waren wir zu Gast in Kloten an der Guggennight im Dorfn\u00e4scht Kloten &#8211; Praktisch das 2. Heimspiel in dieser Saison. Gleich unterhalb &#8222;unseres&#8220; Probelokals wurde im kleinen aber feinen Rahmen die Guggennight Kloten durchgef\u00fchrt.&nbsp; Bei eisigen Temperaturen, er\u00f6ffneten wir&#8230;<\/p>\n","protected":false},"author":50,"featured_media":0,"comment_status":"open","ping_status":"open","sticky":false,"template":"","format":"standard","meta":{"ngg_post_thumbnail":0,"_jetpack_memberships_contains_paid_content":false,"footnotes":""},"categories":[1],"tags":[],"class_list":["post-13338","post","type-post","status-publish","format-standard","hentry","category-uncategorized"],"jetpack_featured_media_url":"","jetpack_sharing_enabled":true,"_links":{"self":[{"href":"https:\/\/chlueppliseck.ch\/wordpress\/wp-json\/wp\/v2\/posts\/13338","targetHints":{"allow":["GET"]}}],"collection":[{"href":"https:\/\/chlueppliseck.ch\/wordpress\/wp-json\/wp\/v2\/posts"}],"about":[{"href":"https:\/\/chlueppliseck.ch\/wordpress\/wp-json\/wp\/v2\/types\/post"}],"author":[{"embeddable":true,"href":"https:\/\/chlueppliseck.ch\/wordpress\/wp-json\/wp\/v2\/users\/50"}],"replies":[{"embeddable":true,"href":"https:\/\/chlueppliseck.ch\/wordpress\/wp-json\/wp\/v2\/comments?post=13338"}],"version-history":[{"count":1,"href":"https:\/\/chlueppliseck.ch\/wordpress\/wp-json\/wp\/v2\/posts\/13338\/revisions"}],"predecessor-version":[{"id":13339,"href":"https:\/\/chlueppliseck.ch\/wordpress\/wp-json\/wp\/v2\/posts\/13338\/revisions\/13339"}],"wp:attachment":[{"href":"https:\/\/chlueppliseck.ch\/wordpress\/wp-json\/wp\/v2\/media?parent=13338"}],"wp:term":[{"taxonomy":"category","embeddable":true,"href":"https:\/\/chlueppliseck.ch\/wordpress\/wp-json\/wp\/v2\/categories?post=13338"},{"taxonomy":"post_tag","embeddable":true,"href":"https:\/\/chlueppliseck.ch\/wordpress\/wp-json\/wp\/v2\/tags?post=13338"}],"curies":[{"name":"wp","href":"https:\/\/api.w.org\/{rel}","templated":true}]}}