{"id":13264,"date":"2023-02-06T21:55:04","date_gmt":"2023-02-06T20:55:04","guid":{"rendered":"https:\/\/chlueppliseck.ch\/wordpress\/?p=13264"},"modified":"2025-12-17T14:56:15","modified_gmt":"2025-12-17T13:56:15","slug":"1-fasnachtsweekend-2023-dauchingen-de-kifa-kloten","status":"publish","type":"post","link":"https:\/\/chlueppliseck.ch\/wordpress\/2023\/02\/06\/1-fasnachtsweekend-2023-dauchingen-de-kifa-kloten\/","title":{"rendered":"1. Fasnachtsweekend 2023 Dauchingen DE \/ KiFa Kloten"},"content":{"rendered":"\n<p>Nach der B\u00e4chtele in Rafz gabs wie immer eine kleine Pause, bis zum 1. Fasnachtsweekend im 2023&#8230;<\/p>\n<p>Auf dem Programm stand das 30 J\u00e4hrige Jubil\u00e4um der Neckartaeler Waldhexen in Dauchingen DE.<\/p>\n<p>Die Vorfreude war gross:<\/p>\n<div style=\"width: 374px;\" class=\"wp-video\"><video class=\"wp-video-shortcode\" id=\"video-13264-1\" width=\"374\" height=\"500\" preload=\"metadata\" controls=\"controls\"><source type=\"video\/mp4\" src=\"https:\/\/chlueppliseck.ch\/wordpress\/wp-content\/uploads\/2023\/02\/WhatsApp-Video-2023-02-04-at-12.43.34.mp4?_=1\" \/><a href=\"https:\/\/chlueppliseck.ch\/wordpress\/wp-content\/uploads\/2023\/02\/WhatsApp-Video-2023-02-04-at-12.43.34.mp4\">https:\/\/chlueppliseck.ch\/wordpress\/wp-content\/uploads\/2023\/02\/WhatsApp-Video-2023-02-04-at-12.43.34.mp4<\/a><\/video><\/div>\n<p>Voller Enthusiasmus starteten wir ins Weekend. Am Freitag Abend bezogen wir unser Nachtlager in Villingen-Schwenningen&#8230; H\u00e4?? Ich dachte Dauchingen? &#8211; \u00c4hhm ja in Dauchingen gibt es keine \u00dcbernachtungsm\u00f6glichkeiten, und so waren wir gezwungen im n\u00e4chst gr\u00f6sseren Ort zu N\u00e4chtigen&#8230;<\/p>\n<p>Genauer im B&amp;B Hotel Villingen-Schwenningen:<\/p>\n<p><a href=\"https:\/\/www.hotel-bb.com\/de\/hotel\/villingen-schwenningen\">B&amp;B Hotel Villingen-Schwenningen | B&amp;B Hotels (hotel-bb.com)<\/a><\/p>\n<p><\/p>\n<p>Nach dem Unkomplizierten Einchecken, dem ersten bereits hart verdienten Bier und einer kleinen St\u00e4rkung ging es dann auch schon los&#8230; &#8211; Naja Fast&#8230;<\/p>\n<p>Fritschi sorgte f\u00fcr die erste Verz\u00f6gerung:<\/p>\n<p><img data-recalc-dims=\"1\" decoding=\"async\" class=\"aligncenter\" src=\"https:\/\/i0.wp.com\/media0.giphy.com\/media\/n935QrixoGI12\/giphy.gif?w=644&#038;ssl=1\" alt=\"Ashton Kutcher GIF\"><\/p>\n<p>Naja nicht ganz&#8230; Aber die Schl\u00fcssel &#8211; Wo sind die Schl\u00fcssel? Schlagzeug eingesperrt im Auto&#8230; Dauerte nur einen KLEINEN KLITZE KLEINEN Moment&#8230;<\/p>\n<p>Dann aber, Fussmarsch zur Bushalte stelle&#8230; Umweltbewusst wie wir sind, nahmen wir den \u00d6V um nach Dauchingen zu gelangen&#8230;&nbsp;<\/p>\n<p>Die Partynacht der Waldhexen in der Festhalle Dauchingen, mit Guggen und Tanzeinlagen&#8230;<\/p>\n<p>Wir spielten auf, und konnten die Festhalle in unseren Bann ziehen&#8230;<\/p>\n<p>Nach dem Auftritt wurde bis in die Morgenstunden gefeiert bevor wir dann mit dem Taxi zur\u00fcck zum B&amp;B fuhren&#8230; Vielen Dank an dieser Stelle an unserem Taxi Chauffeur Stefan K.&nbsp;<\/p>\n<p>Zur n\u00e4chtlicher Stunde mit extra Service und halt bei der Tanke f\u00fcr Bier und Kippen&#8230;&nbsp;<\/p>\n<p>Zur\u00fcck im B&amp;B haben wir dann die Lobby bis tief in den Morgen f\u00fcrs weiter feiern benutzt, da um 02:00 Uhr in Deutscheland fertig mit feiern ist&#8230;&nbsp;<\/p>\n<hr>\n<p>Am Samstag morgen nach dem \u00fcblichen Wellness Programm ging es dann weiter&#8230;<\/p>\n<p><img data-recalc-dims=\"1\" loading=\"lazy\" decoding=\"async\" class=\"aligncenter\" src=\"https:\/\/i0.wp.com\/chlueppliseck.ch\/wordpress\/wp-content\/gallery\/weekend-dauchingen-de-kinderfasnacht-kloten-2023\/WhatsApp-Image-2023-02-04-at-08.06.44.jpg?resize=548%2C731&#038;ssl=1\" width=\"548\" height=\"731\"><\/p>\n<p>Ab an den Jubil\u00e4umsumzug in Dauchingen&#8230;<\/p>\n<p>Als einzige Guggenmusik (Also Gugge in Klassischer Form, nicht Musikzug oder \u00e4hnliches) mit ganz vielen Hexen, ging der Umzug durch Dauchingen&#8230; Gefeiert von den Leuten am Strassenrand, schon cool so eine Schweizer Gugge!&nbsp;<\/p>\n<p>Nach dem Umzug dann nochmals einen Auftritt in der Festhalle, welche prall gef\u00fcllt war&#8230;<\/p>\n<p>Von hinten auf die B\u00fchne geschlichen, spielten wir nochmals mit allem was wir hatten auf.&nbsp;<\/p>\n<p>Die Menge liess sich von uns anstecken, lautstarke Zugabe rufe brachten uns ans Limit.. In der Halle verteilt mit &#8222;The Rose&#8220; konnten wir uns geb\u00fchrend von Dauchingen verabschieden&#8230;<\/p>\n<p>Auch wurden wir in der Presse erw\u00e4hnt:<\/p>\n<p><img data-recalc-dims=\"1\" decoding=\"async\" class=\"aligncenter\" src=\"https:\/\/i0.wp.com\/chlueppliseck.ch\/wordpress\/wp-content\/gallery\/weekend-dauchingen-de-kinderfasnacht-kloten-2023\/WhatsApp-Image-2023-02-06-at-20.27.46.jpg?w=644&#038;ssl=1\"><\/p>\n<hr>\n<p>Am Sonntag stand dann unser &#8222;Heimspiel&#8220; auf dem Programm:<\/p>\n<p>Die Kinderfasnacht in Kloten&#8230;<\/p>\n<p>Immer wieder ein Highlight zuhause zu spielen&#8230;<\/p>\n<p><img data-recalc-dims=\"1\" decoding=\"async\" class=\"aligncenter\" src=\"https:\/\/i0.wp.com\/chlueppliseck.ch\/wordpress\/wp-content\/gallery\/weekend-dauchingen-de-kinderfasnacht-kloten-2023\/WhatsApp-Image-2023-02-05-at-19.33.57.jpg?w=644&#038;ssl=1\"><\/p>\n<p>Im voll gef\u00fcllten Stadtsaal durften wir unsere Musik zum besten geben.<\/p>\n<p>Und wie immer durften wir als Dank nach der Kinderfasnacht (und dem Aufr\u00e4umen) einen Spaghetti Plausch einnehmen&#8230;&nbsp;<\/p>\n<p>Vollends Gl\u00fccklich haben wir uns dann aus dem Weekend verabschiedet&#8230;<\/p>\n<p>Wir sehen uns bald wieder, und zwar wieder in Kloten und Eiken!<\/p>\n<blockquote>\n<p>Am Freitag 10. Januar spielen wir an der Guggen-Night im Dorfn\u00e4scht Kloten&#8230; Ein weitere Heimspiel, Proben wir doch gleich eine Etage weiter oben! Wir sehen uns am Freitag Abend an der Grubenstrasse 9 in Kloten!<\/p>\n<p>Am Samstag 11. Januar sind wir dann zu Gast beim Schr\u00e4nzAir in Eiken organisiert durch die <a href=\"https:\/\/www.chinzhaldeschraenzer.ch\/\">Chinzhaldeschr\u00e4nzer<\/a>&#8230;<\/p>\n<p><img decoding=\"async\" src=\"https:\/\/i0.wp.com\/chlueppliseck.ch\/wordpress\/wp-content\/uploads\/2022\/09\/Schranzerball-Eiken.jpeg?ssl=1\"><\/p>\n<p>Auch dort w\u00fcrden wir uns nat\u00fcrlich \u00fcber regen Besuch von euch freuen \ud83e\udd29<\/p>\n<\/blockquote>\n<p>Eure Chl\u00fcpplis&#8230;<\/p>\n<p>&nbsp;<\/p>\n\n\n","protected":false},"excerpt":{"rendered":"<p>Nach der B\u00e4chtele in Rafz gabs wie immer eine kleine Pause, bis zum 1. Fasnachtsweekend im 2023&#8230; Auf dem Programm stand das 30 J\u00e4hrige Jubil\u00e4um der Neckartaeler Waldhexen in Dauchingen DE. Die Vorfreude war gross: Voller Enthusiasmus starteten wir ins Weekend. Am Freitag Abend bezogen wir unser Nachtlager in Villingen-Schwenningen&#8230; H\u00e4?? Ich dachte Dauchingen? &#8211;&#8230;<\/p>\n","protected":false},"author":50,"featured_media":0,"comment_status":"open","ping_status":"open","sticky":false,"template":"","format":"standard","meta":{"ngg_post_thumbnail":0,"_jetpack_memberships_contains_paid_content":false,"footnotes":""},"categories":[1],"tags":[],"class_list":["post-13264","post","type-post","status-publish","format-standard","hentry","category-uncategorized"],"jetpack_featured_media_url":"","jetpack_sharing_enabled":true,"_links":{"self":[{"href":"https:\/\/chlueppliseck.ch\/wordpress\/wp-json\/wp\/v2\/posts\/13264","targetHints":{"allow":["GET"]}}],"collection":[{"href":"https:\/\/chlueppliseck.ch\/wordpress\/wp-json\/wp\/v2\/posts"}],"about":[{"href":"https:\/\/chlueppliseck.ch\/wordpress\/wp-json\/wp\/v2\/types\/post"}],"author":[{"embeddable":true,"href":"https:\/\/chlueppliseck.ch\/wordpress\/wp-json\/wp\/v2\/users\/50"}],"replies":[{"embeddable":true,"href":"https:\/\/chlueppliseck.ch\/wordpress\/wp-json\/wp\/v2\/comments?post=13264"}],"version-history":[{"count":2,"href":"https:\/\/chlueppliseck.ch\/wordpress\/wp-json\/wp\/v2\/posts\/13264\/revisions"}],"predecessor-version":[{"id":15688,"href":"https:\/\/chlueppliseck.ch\/wordpress\/wp-json\/wp\/v2\/posts\/13264\/revisions\/15688"}],"wp:attachment":[{"href":"https:\/\/chlueppliseck.ch\/wordpress\/wp-json\/wp\/v2\/media?parent=13264"}],"wp:term":[{"taxonomy":"category","embeddable":true,"href":"https:\/\/chlueppliseck.ch\/wordpress\/wp-json\/wp\/v2\/categories?post=13264"},{"taxonomy":"post_tag","embeddable":true,"href":"https:\/\/chlueppliseck.ch\/wordpress\/wp-json\/wp\/v2\/tags?post=13264"}],"curies":[{"name":"wp","href":"https:\/\/api.w.org\/{rel}","templated":true}]}}