{"id":13175,"date":"2023-01-03T17:03:41","date_gmt":"2023-01-03T16:03:41","guid":{"rendered":"https:\/\/chlueppliseck.ch\/wordpress\/?p=13175"},"modified":"2023-01-03T17:05:34","modified_gmt":"2023-01-03T16:05:34","slug":"baechtele-rafz-2023-barock-style","status":"publish","type":"post","link":"https:\/\/chlueppliseck.ch\/wordpress\/2023\/01\/03\/baechtele-rafz-2023-barock-style\/","title":{"rendered":"B\u00e4chtele Rafz 2023 &#8211; Barock Style!"},"content":{"rendered":"\n<p>Endlich ist es soweit!<\/p>\n<p>Wir d\u00fcrfen unser neues Gw\u00e4ndli pr\u00e4sentieren \ud83e\udd29<\/p>\n<p><img data-recalc-dims=\"1\" decoding=\"async\" src=\"https:\/\/i0.wp.com\/chlueppliseck.ch\/wordpress\/wp-content\/gallery\/baechtele-rafz-2023\/20230102_163920.jpg?w=644&#038;ssl=1\" alt=\"\"><\/p>\n\n\n\n<p>Wie ihr oben erkennen k\u00f6nnt, treten wir f\u00fcr die n\u00e4chsten 2 Jahre im Barock Outfit auf.&nbsp;<\/p>\n<p>Das Gw\u00e4ndli musste lange warten, bis es pr\u00e4sentiert wurde, hatten wir das &#8222;alte&#8220; Gw\u00e4ndli doch Dank bekannten Gr\u00fcnden* 2 Jahre l\u00e4nger.&nbsp;<\/p>\n<h6>*(hat etwas mit Flederm\u00e4usen und Chinesen zu tun)<\/h6>\n<p>Im Vorfeld stand das neue Gw\u00e4ndli einiger Skepsis entgegen, ist es doch ziemlich anders, als die anderen Gw\u00e4ndli zuvor. Doch mit dem ersten Auftritt, verflogen die Zweifel sehr sehr schnell, sieht schon Schick aus das ganze so in der Gruppe!&nbsp;<\/p>\n<p>Viele Positive R\u00fcckmeldungen kamen von den Zuschauern -&gt; Balsam f\u00fcr die Seele von Pasci unserer Gw\u00e4ndli-Designerin&#8230;<\/p>\n<p>Haben sich die vielen Stunden hinter der N\u00e4hmaschine und die unz\u00e4hligen Fluchtw\u00f6rter und Schimpftriaden doch gelohnt \ud83e\udd23<\/p>\n<p>Und so ein Zylinder hat doch einfach einen Sexy Touch an sich nicht wahr?<\/p>\n<p>Wir ziehen unseren Hut f\u00fcr das gelungene Gw\u00e4ndli:<\/p>\n<p><img data-recalc-dims=\"1\" decoding=\"async\" src=\"https:\/\/i0.wp.com\/media4.giphy.com\/media\/XSWW88uBrErnA9nbSh\/giphy.gif?w=644&#038;ssl=1\" alt=\"National WWI Museum and Memorial black and white military wilson footage GIF\"><\/p>\n<p>Um 14:02 Uhr war es soweit, der B\u00e4chtele Umzug in Rafz war gestartet, mit der Nummer 11 starten wir ins Jahr 2023:<\/p>\n<p><img data-recalc-dims=\"1\" decoding=\"async\" src=\"https:\/\/i0.wp.com\/chlueppliseck.ch\/wordpress\/wp-content\/gallery\/baechtele-rafz-2023\/WhatsApp-Image-2023-01-03-at-13.01.46.jpg?w=644&#038;ssl=1\"><\/p>\n<p><video controls=\"controls\" width=\"600\" height=\"300\">\n<source src=\"https:\/\/chlueppliseck.ch\/wordpress\/wp-content\/uploads\/2023\/01\/20230102_143119.mp4\" type=\"video\/mp4\"><\/video><\/p>\n<p>Nach dem Umzug gab es dann noch einen Auftritt auf dem Kirchenplatz, und anschliessend weitere Auftritte in den Beizen in Rafz&#8230;<\/p>\n<p><img data-recalc-dims=\"1\" decoding=\"async\" src=\"https:\/\/i0.wp.com\/chlueppliseck.ch\/wordpress\/wp-content\/gallery\/baechtele-rafz-2023\/20230102_160953.jpg?w=644&#038;ssl=1\"><\/p>\n<p><img data-recalc-dims=\"1\" decoding=\"async\" src=\"https:\/\/i0.wp.com\/chlueppliseck.ch\/wordpress\/wp-content\/gallery\/baechtele-rafz-2023\/20230102_200902.jpg?w=644&#038;ssl=1\"><\/p>\n<p>Das Monsterkonzert mit allen Guggen war der Hammer, sch\u00f6n wieder im Gewohnten Rahmen Musik zu machen, das l\u00e4sst fast die letzten 2 Jahre Corona vergessen !<\/p>\n<p><img data-recalc-dims=\"1\" decoding=\"async\" src=\"https:\/\/i0.wp.com\/chlueppliseck.ch\/wordpress\/wp-content\/gallery\/baechtele-rafz-2023\/20230102_162118.jpg?w=644&#038;ssl=1\"><\/p>\n\n\n\n<blockquote>\n<p><strong>Geniesst die Bilder in unserer <\/strong><a href=\"https:\/\/chlueppliseck.ch\/wordpress\/foto-galerie\/fotos-aktuelle-saison\/\"><strong>Bildergalerie&#8230;<\/strong> <\/a><\/p>\n<\/blockquote>\n<p><strong>N\u00e4chster Auftritt:<\/strong><\/p>\n<p>Fasnacht Dauchingen am 3. Februar&#8230;<\/p>\n<p>See you soon, eure Chl\u00fcpplis!<\/p>\n","protected":false},"excerpt":{"rendered":"<p>Endlich ist es soweit! Wir d\u00fcrfen unser neues Gw\u00e4ndli pr\u00e4sentieren \ud83e\udd29 Wie ihr oben erkennen k\u00f6nnt, treten wir f\u00fcr die n\u00e4chsten 2 Jahre im Barock Outfit auf.&nbsp; Das Gw\u00e4ndli musste lange warten, bis es pr\u00e4sentiert wurde, hatten wir das &#8222;alte&#8220; Gw\u00e4ndli doch Dank bekannten Gr\u00fcnden* 2 Jahre l\u00e4nger.&nbsp; *(hat etwas mit Flederm\u00e4usen und Chinesen zu&#8230;<\/p>\n","protected":false},"author":50,"featured_media":0,"comment_status":"open","ping_status":"open","sticky":false,"template":"","format":"standard","meta":{"ngg_post_thumbnail":0,"_jetpack_memberships_contains_paid_content":false,"footnotes":""},"categories":[1],"tags":[],"class_list":["post-13175","post","type-post","status-publish","format-standard","hentry","category-uncategorized"],"jetpack_featured_media_url":"","jetpack_sharing_enabled":true,"_links":{"self":[{"href":"https:\/\/chlueppliseck.ch\/wordpress\/wp-json\/wp\/v2\/posts\/13175","targetHints":{"allow":["GET"]}}],"collection":[{"href":"https:\/\/chlueppliseck.ch\/wordpress\/wp-json\/wp\/v2\/posts"}],"about":[{"href":"https:\/\/chlueppliseck.ch\/wordpress\/wp-json\/wp\/v2\/types\/post"}],"author":[{"embeddable":true,"href":"https:\/\/chlueppliseck.ch\/wordpress\/wp-json\/wp\/v2\/users\/50"}],"replies":[{"embeddable":true,"href":"https:\/\/chlueppliseck.ch\/wordpress\/wp-json\/wp\/v2\/comments?post=13175"}],"version-history":[{"count":2,"href":"https:\/\/chlueppliseck.ch\/wordpress\/wp-json\/wp\/v2\/posts\/13175\/revisions"}],"predecessor-version":[{"id":13178,"href":"https:\/\/chlueppliseck.ch\/wordpress\/wp-json\/wp\/v2\/posts\/13175\/revisions\/13178"}],"wp:attachment":[{"href":"https:\/\/chlueppliseck.ch\/wordpress\/wp-json\/wp\/v2\/media?parent=13175"}],"wp:term":[{"taxonomy":"category","embeddable":true,"href":"https:\/\/chlueppliseck.ch\/wordpress\/wp-json\/wp\/v2\/categories?post=13175"},{"taxonomy":"post_tag","embeddable":true,"href":"https:\/\/chlueppliseck.ch\/wordpress\/wp-json\/wp\/v2\/tags?post=13175"}],"curies":[{"name":"wp","href":"https:\/\/api.w.org\/{rel}","templated":true}]}}