{"id":12692,"date":"2022-10-25T00:01:52","date_gmt":"2022-10-24T22:01:52","guid":{"rendered":"https:\/\/chlueppliseck.ch\/wordpress\/?p=12692"},"modified":"2022-10-25T09:27:43","modified_gmt":"2022-10-25T07:27:43","slug":"probeweekend-2022","status":"publish","type":"post","link":"https:\/\/chlueppliseck.ch\/wordpress\/2022\/10\/25\/probeweekend-2022\/","title":{"rendered":"Probeweekend 2022"},"content":{"rendered":"\n\n\n<p>Ja es war wieder mal so weit, und wir machten uns auf den Weg nach Hallau in den Berghof. <\/p>\n\n\n\n<p>Das Probeweekend 2022 stand an! 2 Tage voller Musik, gem\u00fctlichem beisammen sein, und nat\u00fcrlich einer geballten Unterhaltung am Samstag-Abend \ud83e\udd29<\/p>\n\n\n\n<p>Doch fangen wir ganz am Anfang an&#8230;<\/p>\n\n\n\n<p>Zuerst musste die Verpflegung angeschafft werden, vielen Dank an Sabrina B. unsere Stallw\u00e4rtin und Br\u00e4ndi  Stv. Stallwart oder auch &#8222;Last Eselchen&#8220;\ud83d\ude1a&#8230;<\/p>\n\n\n\n<div class=\"wp-block-columns is-layout-flex wp-container-core-columns-is-layout-9d6595d7 wp-block-columns-is-layout-flex\">\n<div class=\"wp-block-column is-layout-flow wp-block-column-is-layout-flow\" style=\"flex-basis:33.34%\">\n<figure class=\"wp-block-image size-large\"><a href=\"https:\/\/i0.wp.com\/chlueppliseck.ch\/wordpress\/wp-content\/gallery\/probeweekend-hallau-2022\/08369c57-ed59-4cdf-a0fd-017d17b3b010.jpg?ssl=1\"><img data-recalc-dims=\"1\" decoding=\"async\" src=\"https:\/\/i0.wp.com\/chlueppliseck.ch\/wordpress\/wp-content\/gallery\/probeweekend-hallau-2022\/08369c57-ed59-4cdf-a0fd-017d17b3b010.jpg?w=644&#038;ssl=1\" alt=\"\"\/><\/a><figcaption>Bier &#8211; Das Lebenselixier &#8211; Bier sagt nicht &#8222;Nein&#8220; \ud83d\udc96<\/figcaption><\/figure>\n<\/div>\n\n\n\n<div class=\"wp-block-column is-vertically-aligned-center is-layout-flow wp-block-column-is-layout-flow\" style=\"flex-basis:33.34%\">\n<figure class=\"wp-block-image size-large\"><a href=\"https:\/\/i0.wp.com\/chlueppliseck.ch\/wordpress\/wp-content\/gallery\/probeweekend-hallau-2022\/b853b9de-c7ab-494c-8d79-a741ef3b090a.jpg?ssl=1\"><img data-recalc-dims=\"1\" decoding=\"async\" src=\"https:\/\/i0.wp.com\/chlueppliseck.ch\/wordpress\/wp-content\/gallery\/probeweekend-hallau-2022\/b853b9de-c7ab-494c-8d79-a741ef3b090a.jpg?w=644&#038;ssl=1\" alt=\"\"\/><\/a><figcaption>Und die Verpflegung&#8230;<\/figcaption><\/figure>\n<\/div>\n\n\n\n<div class=\"wp-block-column is-layout-flow wp-block-column-is-layout-flow\" style=\"flex-basis:33.33%\">\n<figure class=\"wp-block-image size-large\"><a href=\"https:\/\/i0.wp.com\/chlueppliseck.ch\/wordpress\/wp-content\/gallery\/probeweekend-hallau-2022\/344a6852-4678-45f0-a0ea-ec87b4bf1feb.jpg?ssl=1\"><img data-recalc-dims=\"1\" decoding=\"async\" src=\"https:\/\/i0.wp.com\/chlueppliseck.ch\/wordpress\/wp-content\/gallery\/probeweekend-hallau-2022\/344a6852-4678-45f0-a0ea-ec87b4bf1feb.jpg?w=644&#038;ssl=1\" alt=\"\"\/><\/a><figcaption>Nat\u00fcrlich darf auch das Mineral nicht fehlen \ud83d\ude09<\/figcaption><\/figure>\n<\/div>\n<\/div>\n\n\n\n<p>Bereits am Freitag-Abend fanden sich viele Chl\u00fcpplis im Berhof Hallau ein, unsere Herberge f\u00fcr das Probeweekend. Vielen Dank an Familie Alder Berghof Hallau&#8230;<\/p>\n<p>&nbsp;<\/p>\n\n\n\n<figure class=\"wp-block-image size-large is-style-rounded\"><img data-recalc-dims=\"1\" decoding=\"async\" src=\"https:\/\/i0.wp.com\/berghof-hallau.ch\/wp-content\/uploads\/2021\/03\/betrieb-2600px-berghof-hallau-geba%CC%88ude-scaled.jpg?w=644&#038;ssl=1\" alt=\"\"\/><figcaption>Der Berghof &#8211; Hallau &#8211; Wundersch\u00f6n&#8230;<\/figcaption><\/figure>\n\n\n\n<p>Am Freitag-Abend wurde eingerichtet, und die Chl\u00fcpplis durften das 1. Abendessen geniessen&#8230; <strong>Spaghetti Bolognese und Edwins Spezial Sauce! \ud83d\ude0b<\/strong><\/p>\n<p>Vielen Dank an Edwin f\u00fcr das Kochen der Bolognese und f\u00fcr die Spezial Sauce&#8230;<\/p>\n<p>Apropos Edwins Spezial Sauce, es wird gemunkelt das diese Sauce dem Probeweekend ein ganz spezielles Aroma verpasst hat&#8230; Edwins Spezial Sauce ein Traum! &#8211; Und was hats drin? &#8211; Das bleibt ein Geheimniss, aber ich glaube es hat ein Hauch von Knoblauch drin \ud83e\udd2b<\/p>\n<p>Danach war es Zeit f\u00fcr gem\u00fctliches zusammen sein, Spiele machen und sich austauschen bis in die fr\u00fchen Morgenstunden&#8230;<\/p>\n\n\n\n<hr class=\"wp-block-separator has-alpha-channel-opacity\"\/>\n\n\n\n<p>Am Samstag-Morgen hiess es fr\u00fch raus aus dem Bettchen, und ab an die Probe&#8230;<\/p>\n<p>Doch HALT! So mancher reibte sich wohl die noch verschlafenen Augen:<\/p>\n<p><img data-recalc-dims=\"1\" decoding=\"async\" class=\"aligncenter\" src=\"https:\/\/i0.wp.com\/media1.giphy.com\/media\/xT1XGRFryD8Hfjg7GE\/giphy.gif?w=644&#038;ssl=1\" alt=\"disbelief what GIF by Archie Comics\"><\/p>\n\n\n\n<p>Da haben sich ein paar Chl\u00fcpplis wieder einmal einen Spass erlaubt,&nbsp; und die ganze Herberge dekoriert&#8230;<\/p>\n<p>&nbsp;<\/p>\n\n\n\n<div class=\"wp-block-columns is-layout-flex wp-container-core-columns-is-layout-9d6595d7 wp-block-columns-is-layout-flex\">\n<div class=\"wp-block-column is-layout-flow wp-block-column-is-layout-flow\">\n<figure class=\"wp-block-image size-large\"><a href=\"https:\/\/i0.wp.com\/chlueppliseck.ch\/wordpress\/wp-content\/gallery\/probeweekend-hallau-2022\/494a0b2b-4d86-46fb-b2b4-1dbbf1ad25aa.jpg?ssl=1\"><img data-recalc-dims=\"1\" decoding=\"async\" src=\"https:\/\/i0.wp.com\/chlueppliseck.ch\/wordpress\/wp-content\/gallery\/probeweekend-hallau-2022\/494a0b2b-4d86-46fb-b2b4-1dbbf1ad25aa.jpg?w=644&#038;ssl=1\" alt=\"\"\/><\/a><figcaption>Von der T\u00fcre&#8230;<\/figcaption><\/figure>\n<\/div>\n\n\n\n<div class=\"wp-block-column is-layout-flow wp-block-column-is-layout-flow\">\n<figure class=\"wp-block-image size-large\"><a href=\"https:\/\/i0.wp.com\/chlueppliseck.ch\/wordpress\/wp-content\/gallery\/probeweekend-hallau-2022\/6f9c1dbb-8b41-48eb-9a55-d560bfa64f39.jpg?ssl=1\"><img data-recalc-dims=\"1\" decoding=\"async\" src=\"https:\/\/i0.wp.com\/chlueppliseck.ch\/wordpress\/wp-content\/gallery\/probeweekend-hallau-2022\/6f9c1dbb-8b41-48eb-9a55-d560bfa64f39.jpg?w=644&#038;ssl=1\" alt=\"\"\/><\/a><figcaption>\u00dcber das Stille \u00d6rtchen&#8230;<\/figcaption><\/figure>\n<\/div>\n\n\n\n<div class=\"wp-block-column is-layout-flow wp-block-column-is-layout-flow\">\n<figure class=\"wp-block-image size-large\"><a href=\"https:\/\/i0.wp.com\/chlueppliseck.ch\/wordpress\/wp-content\/gallery\/probeweekend-hallau-2022\/5d9a31be-a94d-4a19-8e66-950c27b390d1.jpg?ssl=1\"><img data-recalc-dims=\"1\" decoding=\"async\" src=\"https:\/\/i0.wp.com\/chlueppliseck.ch\/wordpress\/wp-content\/gallery\/probeweekend-hallau-2022\/5d9a31be-a94d-4a19-8e66-950c27b390d1.jpg?w=644&#038;ssl=1\" alt=\"\"\/><\/a><figcaption>Bis hin zum Spiegel&#8230; \u00dcbrigens wer ganz genau hinschaut kann einen der &#8222;T\u00e4ter&#8220; ausfindig machen&#8230;<\/figcaption><\/figure>\n<\/div>\n<\/div>\n\n\n\n<p>Nach dem farbigen Erwachen, gab es Fr\u00fchst\u00fcck vom feinsten! Speck und Eier, K\u00e4se, selbstgemachter Zopf (Danke Andrea) und vieles mehr&#8230;<\/p>\n<p>Danach ging es ans Proben der neuen St\u00fccke&#8230; Neue St\u00fccke? Ja genau neue St\u00fccke!<\/p>\n<p>Ja welche denn? &#8211; Das h\u00f6rt Ihr in der kommenden Saison \ud83d\ude09 Wir wollen ja nichts Spoilern!<\/p>\n<p>Nach 2 Stunden Knochenharter Register Proben, war es Zeit f\u00fcr eine kleine St\u00e4rkung:<\/p>\n\n\n\n<div class=\"wp-block-columns is-layout-flex wp-container-core-columns-is-layout-9d6595d7 wp-block-columns-is-layout-flex\">\n<div class=\"wp-block-column is-layout-flow wp-block-column-is-layout-flow\"><\/div>\n\n\n\n<div class=\"wp-block-column is-layout-flow wp-block-column-is-layout-flow\">\n<figure class=\"wp-block-image size-large is-style-rounded\"><a href=\"https:\/\/i0.wp.com\/chlueppliseck.ch\/wordpress\/wp-content\/gallery\/probeweekend-hallau-2022\/5e01bdd3-16d5-4cf7-9f1a-7a435793f09f.jpg?ssl=1\"><img data-recalc-dims=\"1\" decoding=\"async\" src=\"https:\/\/i0.wp.com\/chlueppliseck.ch\/wordpress\/wp-content\/gallery\/probeweekend-hallau-2022\/5e01bdd3-16d5-4cf7-9f1a-7a435793f09f.jpg?w=644&#038;ssl=1\" alt=\"\"\/><\/a><figcaption>Toast mit oder ohne Hawaii&#8230;<\/figcaption><\/figure>\n<\/div>\n\n\n\n<div class=\"wp-block-column is-layout-flow wp-block-column-is-layout-flow\"><\/div>\n<\/div>\n\n\n\n<p>Und am Nachmittag ging es im gleichen Stil weiter&#8230; Proben Proben Proben&#8230;<\/p>\n<p>Doch irgendwann ist dann auch genug, und das gem\u00fctliche kann folgen&#8230;&nbsp;<\/p>\n<p>Zumindest f\u00fcr die meisten! Denn unsere Paukisten Manu und Ronny kriegten noch eine Spezial Stunde&#8230; Rythmus-Chefin Pascale hatte noch einiges mit den beiden vor! Am Schluss taten Sie einem &#8222;fast&#8220; Leid.<\/p>\n<p>&nbsp;<\/p>\n\n\n\n\n\n<div class=\"wp-block-columns is-layout-flex wp-container-core-columns-is-layout-9d6595d7 wp-block-columns-is-layout-flex\">\n<div class=\"wp-block-column is-layout-flow wp-block-column-is-layout-flow\">\n<figure class=\"wp-block-image size-large\"><a href=\"https:\/\/i0.wp.com\/chlueppliseck.ch\/wordpress\/wp-content\/gallery\/probeweekend-hallau-2022\/4076994d-29cf-449b-801f-aa734e467e3d.jpg?ssl=1\"><img data-recalc-dims=\"1\" decoding=\"async\" src=\"https:\/\/i0.wp.com\/chlueppliseck.ch\/wordpress\/wp-content\/gallery\/probeweekend-hallau-2022\/4076994d-29cf-449b-801f-aa734e467e3d.jpg?w=644&#038;ssl=1\" alt=\"\"\/><\/a><figcaption>So sah es aus&#8230;<\/figcaption><\/figure>\n<\/div>\n\n\n\n<div class=\"wp-block-column is-layout-flow wp-block-column-is-layout-flow\">\n<figure class=\"wp-block-image size-large is-style-rounded\"><a href=\"https:\/\/i0.wp.com\/media1.giphy.com\/media\/Cw2Ap2EJEssmY\/giphy.gif?ssl=1\"><img data-recalc-dims=\"1\" decoding=\"async\" src=\"https:\/\/i0.wp.com\/media1.giphy.com\/media\/Cw2Ap2EJEssmY\/giphy.gif?w=644&#038;ssl=1\" alt=\"\"\/><\/a><figcaption>So muss es sich wohl f\u00fcr die beiden angef\u00fchlt haben&#8230;<\/figcaption><\/figure>\n<\/div>\n<\/div>\n\n\n\n<p>Nun ja, was soll ich sagen, daf\u00fcr sitzt jetzt jeder einzelne Schlag \ud83d\ude1c<\/p>\n\n\n\n<p>Danach gab es dann endlich das Wohlverdiente Abend Essen&#8230; \u00c4lplermagronen \ud83d\ude0bAuch hier wurden wir vom K\u00fcchenteam wieder einmal verw\u00f6hnt!<\/p>\n<p>Nach dem Essen ging es dann an die Abendunterhaltung! Traditionell stehen eigentlich am Samstag Abend die Taufen der &#8222;Neumitglieder&#8220; an, jedoch war nat\u00fcrlich auch bei uns Aufgrund von Coro* HALT STOP! Nimm das Wort nicht in den Mund! Sonst k\u00f6nnte es zur\u00fcck kommen &#8211; Na Ihr wisst schon was \ud83d\ude09 Aufjeden Fall hatten wir niemand zum Taufen&#8230;<\/p>\n<p>(Daf\u00fcr haben wir n\u00e4chstes Jahr gleich 4 Opfer \u00e4hhmmm Entschuldigung! &#8211; Angehende Chl\u00fcpplis f\u00fcr die Taufe!)<\/p>\n<p>Es wurde aber durch Samantha und Sabrina B. ein nicht minder lustiges Ersatzprogramm auf die Beine gestellt! Die Chl\u00fcpplis wurden in Gruppen aufgeteilt und in einer Casting Show auf Ihr B\u00fchnentheater Talent gepr\u00fcft&#8230; Mit Verkleidung und genialen Improvisationsk\u00fcnsten hatten wir ein Abendf\u00fcllendes Saulustiges Programm! Vielen Dank daf\u00fcr&#8230;<\/p>\n<p>Bilder der Jury nach den Auftritten:<\/p>\n<p><img data-recalc-dims=\"1\" decoding=\"async\" class=\"aligncenter\" src=\"https:\/\/i0.wp.com\/media1.giphy.com\/media\/26ufcjsNpEqja9Akw\/giphy.gif?w=644&#038;ssl=1\" alt=\"Clap Applause GIF by America's Got Talent\"><\/p>\n\n\n\n<hr class=\"wp-block-separator has-alpha-channel-opacity\"\/>\n\n\n\n<p>Auf zum Sonntag! &#8211; Das Fr\u00fchst\u00fcck stand an, und ohne Action geht das nat\u00fcrlich nicht&#8230;<\/p>\n<p>Unser Neumitglied Andrea W. machte sich auf den Weg in die K\u00fcche, um ein R\u00fchrei zu machen&#8230; Langweilig? NEIN bei weitem nicht, denn es schafft kaum jemand beim R\u00fchrei braten den Feueralarm in der Herberge auszul\u00f6sen \ud83e\udd23<\/p>\n<p>Sah etwa so aus:<\/p>\n<p>&nbsp;<\/p>\n\n\n<div class=\"wp-block-image is-style-rounded\">\n<figure class=\"aligncenter size-large\"><a href=\"https:\/\/i0.wp.com\/media0.giphy.com\/media\/26vEBC54SuFkI5DcC8\/giphy.gif?ssl=1\"><img data-recalc-dims=\"1\" decoding=\"async\" src=\"https:\/\/i0.wp.com\/media0.giphy.com\/media\/26vEBC54SuFkI5DcC8\/giphy.gif?w=644&#038;ssl=1\" alt=\"\"\/><\/a><\/figure>\n<\/div>\n\n\n\n\n<p>Nach dem Weckruf durch den Feueralarm, waren dann alle Chl\u00fcpplis Wach und bereit f\u00fcr das weitere Proben&#8230; Danke Andrea W. \ud83d\ude01<\/p>\n<p>Dank sehr sch\u00f6nem Herbstwetter, war die Probe in der Sonne so richtig sch\u00f6n!<\/p>\n\n\n\n<figure class=\"wp-block-image size-large\"><a href=\"https:\/\/i0.wp.com\/chlueppliseck.ch\/wordpress\/wp-content\/gallery\/probeweekend-hallau-2022\/3b03a58d-4bf7-4b7f-9e5b-dbb88f531d07.jpg?ssl=1\"><img data-recalc-dims=\"1\" decoding=\"async\" src=\"https:\/\/i0.wp.com\/chlueppliseck.ch\/wordpress\/wp-content\/gallery\/probeweekend-hallau-2022\/3b03a58d-4bf7-4b7f-9e5b-dbb88f531d07.jpg?w=644&#038;ssl=1\" alt=\"\"\/><\/a><figcaption>Chl\u00fcpplis bei der Probe &#8211; Hochkonzentriert nat\u00fcrlich!<\/figcaption><\/figure>\n\n\n\n<p>Nat\u00fcrlich auch hier wieder wollte das Mittagessen verdient werden, es gab Resten-Verwertung vom feinsten! Beim zubereiten des Mittagessen am Sonntag dann wieder kurze Aufregung in der K\u00fcche, wo ist die Bolognese vom Freitag? Das muss noch etwas da sein, kann ja nicht sein das jemand 4l Bolognese gefressen hat! Vom K\u00fcchenteam geschickt, begibt sich Br\u00e4ndi auf die Suche nach der Bolognese. Wo ist Sie? Na hinter dem Haus! Im weissen Eimer&#8230; Nach kurzer Suche: Der Eimer ist gefunden, jedoch fehlt vom Inhalt jede Spur! Fein s\u00e4uberlich abgewaschen&#8230; Na was meint Ihr ist passiert? <\/p>\n\n\n\n<p>Was k\u00f6nnte mit K\u00fcchenresten auf einem Bauernhof passieren? RICHTIG!<\/p>\n\n\n\n<div class=\"wp-block-columns is-layout-flex wp-container-core-columns-is-layout-9d6595d7 wp-block-columns-is-layout-flex\">\n<div class=\"wp-block-column is-layout-flow wp-block-column-is-layout-flow\" style=\"flex-basis:25%\"><\/div>\n\n\n\n<div class=\"wp-block-column is-layout-flow wp-block-column-is-layout-flow\" style=\"flex-basis:50%\">\n<figure class=\"wp-block-image size-large is-style-rounded\"><img data-recalc-dims=\"1\" decoding=\"async\" src=\"https:\/\/i0.wp.com\/media4.giphy.com\/media\/kQyrHbYXUCnwtmEi1T\/giphy.gif?w=644&#038;ssl=1\" alt=\"\"\/><figcaption>Saum\u00e4ssig Gut! &#8211; Dachten sich die Schweine, denen wohl unsere Bolognese verf\u00fcttert wurde&#8230;<\/figcaption><\/figure>\n<\/div>\n\n\n\n<div class=\"wp-block-column is-layout-flow wp-block-column-is-layout-flow\" style=\"flex-basis:25%\"><\/div>\n<\/div>\n\n\n\n<p>Und somit habe ich eine Super \u00dcberleitung ins Ende, und w\u00fcnsche euch eine Saum\u00e4ssig sch\u00f6ne Zeit, und wir sehen uns schon bald!<\/p>\n\n\n\n<p>Kommt doch am 11.11.22 nach Z\u00fcrich, oder gegen Abend nach Baden&#8230; &#8211; Details zu unseren Auftritten findet Ihr hier: <a href=\"https:\/\/chlueppliseck.ch\/wordpress\/events\/\" data-type=\"page\" data-id=\"563\">Auftritte<\/a><\/p>\n\n\n\n<p>Vielen Dank euer Admin&#8230;<\/p>\n\n\n\n<p><sub>\u00dcbrigens, sollten einige Fotos verdreht sein, oder das Wasserzeichen am falschen Ort, dann liegt es nicht an eurer Wahrnehmung, sondern daran dass der Saubl\u00f6\u00f6de Admin die Einstellungen beim Hochladen falsch ausgew\u00e4hlt hat!<\/sub><\/p>\n","protected":false},"excerpt":{"rendered":"<p>Ja es war wieder mal so weit, und wir machten uns auf den Weg nach Hallau in den Berghof. Das Probeweekend 2022 stand an! 2 Tage voller Musik, gem\u00fctlichem beisammen sein, und nat\u00fcrlich einer geballten Unterhaltung am Samstag-Abend \ud83e\udd29 Doch fangen wir ganz am Anfang an&#8230; Zuerst musste die Verpflegung angeschafft werden, vielen Dank an&#8230;<\/p>\n","protected":false},"author":50,"featured_media":0,"comment_status":"open","ping_status":"open","sticky":false,"template":"","format":"standard","meta":{"ngg_post_thumbnail":0,"_jetpack_memberships_contains_paid_content":false,"footnotes":""},"categories":[1],"tags":[],"class_list":["post-12692","post","type-post","status-publish","format-standard","hentry","category-uncategorized"],"jetpack_featured_media_url":"","jetpack_sharing_enabled":true,"_links":{"self":[{"href":"https:\/\/chlueppliseck.ch\/wordpress\/wp-json\/wp\/v2\/posts\/12692","targetHints":{"allow":["GET"]}}],"collection":[{"href":"https:\/\/chlueppliseck.ch\/wordpress\/wp-json\/wp\/v2\/posts"}],"about":[{"href":"https:\/\/chlueppliseck.ch\/wordpress\/wp-json\/wp\/v2\/types\/post"}],"author":[{"embeddable":true,"href":"https:\/\/chlueppliseck.ch\/wordpress\/wp-json\/wp\/v2\/users\/50"}],"replies":[{"embeddable":true,"href":"https:\/\/chlueppliseck.ch\/wordpress\/wp-json\/wp\/v2\/comments?post=12692"}],"version-history":[{"count":12,"href":"https:\/\/chlueppliseck.ch\/wordpress\/wp-json\/wp\/v2\/posts\/12692\/revisions"}],"predecessor-version":[{"id":12707,"href":"https:\/\/chlueppliseck.ch\/wordpress\/wp-json\/wp\/v2\/posts\/12692\/revisions\/12707"}],"wp:attachment":[{"href":"https:\/\/chlueppliseck.ch\/wordpress\/wp-json\/wp\/v2\/media?parent=12692"}],"wp:term":[{"taxonomy":"category","embeddable":true,"href":"https:\/\/chlueppliseck.ch\/wordpress\/wp-json\/wp\/v2\/categories?post=12692"},{"taxonomy":"post_tag","embeddable":true,"href":"https:\/\/chlueppliseck.ch\/wordpress\/wp-json\/wp\/v2\/tags?post=12692"}],"curies":[{"name":"wp","href":"https:\/\/api.w.org\/{rel}","templated":true}]}}