{"id":12324,"date":"2021-11-12T23:56:55","date_gmt":"2021-11-12T22:56:55","guid":{"rendered":"http:\/\/chlueppliseck.ch\/?p=12324"},"modified":"2021-11-12T23:56:56","modified_gmt":"2021-11-12T22:56:56","slug":"probeweekend-2021","status":"publish","type":"post","link":"https:\/\/chlueppliseck.ch\/wordpress\/2021\/11\/12\/probeweekend-2021\/","title":{"rendered":"Probeweekend 2021"},"content":{"rendered":"\n<p style=\"text-align: center;\">Endlich! Endlich wieder ein Probeweekend \ud83d\ude0d<\/p>\n<p style=\"text-align: center;\"><img data-recalc-dims=\"1\" decoding=\"async\" src=\"https:\/\/i0.wp.com\/media4.giphy.com\/media\/3o6YgaqfCPku7lUSoE\/giphy.gif?w=644&#038;ssl=1\" alt=\"Radio Bremen Hype GIF by funk\"><\/p>\n<p style=\"text-align: center;\">Na gut war ja nur letztes Jahr keines aber trotzdem f\u00fchlte es sich wie eine Ewigkeit an! \ud83d\ude1d<\/p>\n<p style=\"text-align: center;\">Endlich wieder gemeinsam gem\u00fctlich<\/p>\n<p style=\"text-align: center;\"><img data-recalc-dims=\"1\" decoding=\"async\" src=\"https:\/\/i0.wp.com\/media4.giphy.com\/media\/orU56NUPteLlNNLkgv\/giphy.gif?w=644&#038;ssl=1\" alt=\"wakeup GIF by Brass Against\"><\/p>\n<p style=\"text-align: center;\">und die St\u00fccke festigen f\u00fcr die<strong> (hoffentlich)<\/strong> kommende Saison!<\/p>\n<p style=\"text-align: center;\">In Pf\u00e4fers hatten wir uns in der Feuerwehrunterkunft breit gemacht, bei sch\u00f6nstem Bergwetter!<\/p>\n<p style=\"text-align: center;\"><img data-recalc-dims=\"1\" decoding=\"async\" src=\"https:\/\/i0.wp.com\/chlueppliseck.ch\/wordpress\/wp-content\/gallery\/probeweekend-2021-pfaefers\/IMG20211106142207.jpg?w=644&#038;ssl=1\">Sch\u00f6n \ud83e\udd29 Nicht wahr?<\/p>\n<p style=\"text-align: center;\">Traditionell stand auch wieder einmal eine Taufe f\u00fcr das &#8222;Neu-Mitglied&#8220; Silvan an.<\/p>\n<p style=\"text-align: center;\">(&#8222;NEU-Mitglied?!? den sehen wir doch auf den Fotos seit 2019! &#8211; Japp, korrekt!<\/p>\n<p style=\"text-align: center;\">Doch Mangels Probeweekend im Jahr 2020 konnte Silvan noch nicht getauft werden&#8230; Auch dieses Jahr stand die Taufe auf Messerschneide \ud83d\ude33 Einerseits wusste man ja wieder einmal nicht wie schnell das BAG wegen dem COVID-K\u00e4fer\ud83d\udc7e wieder alles runterf\u00e4hrt, und andererseits hat Marco &#8222;Sushi&#8220;, welcher eigentlich Silvan taufen sollte kurz vor dem Probeweekend einen R\u00fcckzieher gemacht &#8211; Wegen &#8222;Pr\u00fcfungen&#8220;&#8230;<\/p>\n<p style=\"text-align: center;\">Also wurde 2 Wochen vor dem Probeweekend schnell hinter dem R\u00fccken von Silvan was geplant \ud83d\ude1c<\/p>\n<hr>\n<p style=\"text-align: center;\">Herzlich Willkommen auf der Alp R\u00f6sli!<\/p>\n<p style=\"text-align: center;\"><img data-recalc-dims=\"1\" decoding=\"async\" src=\"https:\/\/i0.wp.com\/chlueppliseck.ch\/wordpress\/wp-content\/gallery\/probeweekend-2021-pfaefers\/IMG-20211108-WA0005.jpg?w=644&#038;ssl=1\"><\/p>\n<p style=\"text-align: center;\">Stilecht als bodenst\u00e4ndige Schweizer haben wir uns in Schale, -pardone moi!- ich meine ins Bauerngewand gest\u00fcrzt \ud83e\udd29<\/p>\n<p style=\"text-align: center;\">Kurzerhand wurde die Feuerwehrunterkunft in ein urchiges \/ kuscheliges \/ heimisches Alp-Beizli verwandelt \ud83d\ude0d<\/p>\n<p style=\"text-align: center;\">Auch durfte nat\u00fcrlich im Alp-Beizli das gemeinsame Raclette am Stammtisch nicht fehlen&#8230;<\/p>\n<p style=\"text-align: center;\"><img data-recalc-dims=\"1\" decoding=\"async\" src=\"https:\/\/i0.wp.com\/chlueppliseck.ch\/wordpress\/wp-content\/gallery\/probeweekend-2021-pfaefers\/IMG-20211106-WA0025.jpg?w=644&#038;ssl=1\"><\/p>\n<p style=\"text-align: center;\">Da chan mer na eifach das uusplaudere wo eim ufem Herzli lieht!<\/p>\n<p style=\"text-align: center;\">Und nid wie de Ueli unl\u00e4ngscht gseit h\u00e4t: &#8222;<strong>M\u00e4r muess f\u00e4ngs uufpasse was mer seit!<\/strong>&#8220; &#8211; Frei Schnauz so wies s\u00f6ll si \ud83d\ude05<\/p>\n<p style=\"text-align: center;\">Aber ich schweife ab! Passend zur Szenerie wurde dann auch die Taufe f\u00fcr Silvan inszeniert&#8230;<\/p>\n<p style=\"text-align: center;\">Silvan ab nun &#8222;Der Knecht&#8220; D\u00f6lf <sub>(Rechts im Bild)<\/sub>, musste diverse Aufgaben meistern, welche sich so auf der Alp R\u00f6sli angestaut hatten.<\/p>\n<p style=\"text-align: center;\"><img data-recalc-dims=\"1\" decoding=\"async\" src=\"https:\/\/i0.wp.com\/chlueppliseck.ch\/wordpress\/wp-content\/gallery\/probeweekend-2021-pfaefers\/IMG-20211108-WA0025.jpg?w=644&#038;ssl=1\"><\/p>\n<p style=\"text-align: center;\">Der Alp R\u00f6sli Schaagi (M\u00e4se)<sub> (Links im Bild)<\/sub>, inzwischen in die Jahre gekommen, konnte nicht mehr alles machen.<\/p>\n<p style=\"text-align: center;\">Seine Frau s&#8217;R\u00f6sli war zwar noch flott, aber auch nicht mehr die j\u00fcngste!<\/p>\n<p style=\"text-align: center;\"><img data-recalc-dims=\"1\" decoding=\"async\" src=\"https:\/\/i0.wp.com\/chlueppliseck.ch\/wordpress\/wp-content\/gallery\/probeweekend-2021-pfaefers\/IMG-20211108-WA0032.jpg?w=644&#038;ssl=1\"><\/p>\n<p style=\"text-align: center;\">Zu allem \u00fcbel, verletzte sich dann auch noch die Magd P\u00e4uli (Andrea), weil sie wieder einmal dem D\u00f6lf ins Heu nachgestiegen ist&#8230;<\/p>\n<p style=\"text-align: center;\"><img data-recalc-dims=\"1\" decoding=\"async\" src=\"https:\/\/i0.wp.com\/chlueppliseck.ch\/wordpress\/wp-content\/gallery\/probeweekend-2021-pfaefers\/IMG-20211108-WA0031.jpg?w=644&#038;ssl=1\"><\/p>\n<p style=\"text-align: center;\">So musste nun D\u00f6lf auf der Alp R\u00f6sli den Service im Restaurant \u00fcbernehmen. (Was so Semi gut funktionierte, solltet Ihr mal jemanden im Service brauchen, dann lieber nicht den D\u00f6lf nehmen!<\/p>\n<p style=\"text-align: center;\"><img data-recalc-dims=\"1\" decoding=\"async\" src=\"https:\/\/i0.wp.com\/media0.giphy.com\/media\/3ohs4msTyynmOCoeGY\/giphy.gif?w=644&#038;ssl=1\" alt=\"groundhog day oops GIF\"><\/p>\n<p style=\"text-align: center;\">Doch daf\u00fcr brillierte er in den vielen anderen Aufgaben!<\/p>\n<p style=\"text-align: center;\">Zum Beispiel:<\/p>\n<p style=\"text-align: center;\">K\u00fche melken<\/p>\n<p style=\"text-align: center;\"><img data-recalc-dims=\"1\" decoding=\"async\" src=\"https:\/\/i0.wp.com\/chlueppliseck.ch\/wordpress\/wp-content\/gallery\/probeweekend-2021-pfaefers\/IMG-20211106-WA0023.jpg?w=644&#038;ssl=1\"><\/p>\n<p style=\"text-align: center;\">Oder Butter machen&#8230;<\/p>\n<p style=\"text-align: center;\"><img data-recalc-dims=\"1\" decoding=\"async\" src=\"https:\/\/i0.wp.com\/chlueppliseck.ch\/wordpress\/wp-content\/gallery\/probeweekend-2021-pfaefers\/IMG-20211108-WA0010.jpg?w=644&#038;ssl=1\"><\/p>\n<p style=\"text-align: center;\">Auch das Traktorfahren oder Sockenstopfen war kein Problem f\u00fcr den jungen Knecht D\u00f6lf!<\/p>\n<p style=\"text-align: center;\"><img data-recalc-dims=\"1\" decoding=\"async\" src=\"https:\/\/i0.wp.com\/chlueppliseck.ch\/wordpress\/wp-content\/gallery\/probeweekend-2021-pfaefers\/IMG-20211108-WA0014.jpg?w=644&#038;ssl=1\"><\/p>\n<p style=\"text-align: center;\"><img data-recalc-dims=\"1\" decoding=\"async\" src=\"https:\/\/i0.wp.com\/chlueppliseck.ch\/wordpress\/wp-content\/gallery\/probeweekend-2021-pfaefers\/IMG-20211106-WA0021.jpg?w=644&#038;ssl=1\"><\/p>\n<p style=\"text-align: center;\">Bis hin zum Finalen Schuss! Stilgerecht mit Armbrust und Pfeil schoss er den Apfel <sub>(Bierdose)<\/sub> von P\u00e4uli&#8217;s Kopf.<\/p>\n<p style=\"text-align: center;\">Ein wahrer Held! &#8211; Der bis in die sp\u00e4ten Abendstunden gefeiert wurde \ud83d\udcaa<\/p>\n<p style=\"text-align: center;\"><img data-recalc-dims=\"1\" decoding=\"async\" src=\"https:\/\/i0.wp.com\/media1.giphy.com\/media\/ek4CUx2FONgHaMz9V5\/giphy.gif?w=644&#038;ssl=1\" alt=\"Show Off Super Hero GIF by CBeebies HQ\"><\/p>\n<hr>\n<p style=\"text-align: center;\">Der Sonntag war dann wieder ganz im Zeichen von:<\/p>\n<p style=\"text-align: center;\"><img data-recalc-dims=\"1\" decoding=\"async\" src=\"https:\/\/i0.wp.com\/media4.giphy.com\/media\/orU56NUPteLlNNLkgv\/giphy.gif?w=644&#038;ssl=1\" alt=\"wakeup GIF by Brass Against\"><\/p>\n<p style=\"text-align: center;\">Bei sch\u00f6nstem Wetter nat\u00fcrlich wieder draussen&#8230; &#8211; Leider nicht f\u00fcr lange weil die Nachbarn (2 an der Zahl) wohl mit dem falschen Fuss aufgestanden sind \ud83d\ude25<\/p>\n<p style=\"text-align: center;\"><img data-recalc-dims=\"1\" decoding=\"async\" src=\"https:\/\/i0.wp.com\/media2.giphy.com\/media\/xUySTX1LkkkYHi63yE\/giphy.gif?w=644&#038;ssl=1\" alt=\"Angry The Year Without A Santa Claus GIF by filmeditor\"><\/p>\n<p style=\"text-align: center;\">Pl\u00f6tzlich stand da jemand der gar keine Freude an unserem Spielen hatte, und forderte das wir die Proben im Haus weiterf\u00fchren&#8230; Friedliebend aber mit Z\u00e4hne knirschend, f\u00fchrten wir dann unsere Probe im inneren weiter&#8230;&nbsp;<\/p>\n<p style=\"text-align: center;\">F\u00fcr n\u00e4chstes Jahr sind wir ger\u00fcstet f\u00fcr solche F\u00e4lle und haben die Bewilligung der Gemeinde Pf\u00e4fers um auch draussen am Sonntag \u00fcben zu d\u00fcrfen \ud83d\udc4d<\/p>\n<p style=\"text-align: center;\"><strong>Aber alles in allem war es wieder ein sch\u00f6nes Probeweekend mit viel Spiel, Spass und Spannung \ud83d\ude0b<\/strong><\/p>\n<p style=\"text-align: center;\">Wir freuen uns euch an der Fasnacht zu sehen&#8230;<\/p>\n<p style=\"text-align: center;\"><strong>N\u00e4chster Halt:<\/strong> B\u00e4chtele Rafz am 2. Januar &#8211; Nat\u00fcrlich im neuen Gewand! (Ihr d\u00fcrft gespannt sein)<\/p>\n<p style=\"text-align: center;\">&nbsp;<\/p>\n","protected":false},"excerpt":{"rendered":"<p>Endlich! Endlich wieder ein Probeweekend \ud83d\ude0d Na gut war ja nur letztes Jahr keines aber trotzdem f\u00fchlte es sich wie eine Ewigkeit an! \ud83d\ude1d Endlich wieder gemeinsam gem\u00fctlich und die St\u00fccke festigen f\u00fcr die (hoffentlich) kommende Saison! In Pf\u00e4fers hatten wir uns in der Feuerwehrunterkunft breit gemacht, bei sch\u00f6nstem Bergwetter! Sch\u00f6n \ud83e\udd29 Nicht wahr? Traditionell&#8230;<\/p>\n","protected":false},"author":50,"featured_media":0,"comment_status":"open","ping_status":"open","sticky":false,"template":"","format":"standard","meta":{"ngg_post_thumbnail":0,"_jetpack_memberships_contains_paid_content":false,"footnotes":""},"categories":[1],"tags":[],"class_list":["post-12324","post","type-post","status-publish","format-standard","hentry","category-uncategorized"],"jetpack_featured_media_url":"","jetpack_sharing_enabled":true,"_links":{"self":[{"href":"https:\/\/chlueppliseck.ch\/wordpress\/wp-json\/wp\/v2\/posts\/12324","targetHints":{"allow":["GET"]}}],"collection":[{"href":"https:\/\/chlueppliseck.ch\/wordpress\/wp-json\/wp\/v2\/posts"}],"about":[{"href":"https:\/\/chlueppliseck.ch\/wordpress\/wp-json\/wp\/v2\/types\/post"}],"author":[{"embeddable":true,"href":"https:\/\/chlueppliseck.ch\/wordpress\/wp-json\/wp\/v2\/users\/50"}],"replies":[{"embeddable":true,"href":"https:\/\/chlueppliseck.ch\/wordpress\/wp-json\/wp\/v2\/comments?post=12324"}],"version-history":[{"count":3,"href":"https:\/\/chlueppliseck.ch\/wordpress\/wp-json\/wp\/v2\/posts\/12324\/revisions"}],"predecessor-version":[{"id":12327,"href":"https:\/\/chlueppliseck.ch\/wordpress\/wp-json\/wp\/v2\/posts\/12324\/revisions\/12327"}],"wp:attachment":[{"href":"https:\/\/chlueppliseck.ch\/wordpress\/wp-json\/wp\/v2\/media?parent=12324"}],"wp:term":[{"taxonomy":"category","embeddable":true,"href":"https:\/\/chlueppliseck.ch\/wordpress\/wp-json\/wp\/v2\/categories?post=12324"},{"taxonomy":"post_tag","embeddable":true,"href":"https:\/\/chlueppliseck.ch\/wordpress\/wp-json\/wp\/v2\/tags?post=12324"}],"curies":[{"name":"wp","href":"https:\/\/api.w.org\/{rel}","templated":true}]}}