{"id":12098,"date":"2020-06-27T18:27:52","date_gmt":"2020-06-27T16:27:52","guid":{"rendered":"http:\/\/chlueppliseck.ch\/?p=12098"},"modified":"2020-06-27T18:27:55","modified_gmt":"2020-06-27T16:27:55","slug":"infos-chlueppliseck-2020","status":"publish","type":"post","link":"https:\/\/chlueppliseck.ch\/wordpress\/2020\/06\/27\/infos-chlueppliseck-2020\/","title":{"rendered":"Infos Chl\u00fcppliseck 2020"},"content":{"rendered":"\n<p>Wir sind schon mitten im Jahr &#8211; im Hochsommer sozusagen&#8230;\ud83c\udf1e<\/p>\n<p>Dennoch hatten wir erst jetzt unsere Generalversammlung.<\/p>\n<p>Corona sei Dank! \ud83e\udda0<\/p>\n<p>Die Generalversammlung brachte folgende \u00c4nderungen zu Tage:<\/p>\n<ol>\n<li><strong>Personelle Ver\u00e4nderungen der Chl\u00fcppliseck Chloote<\/strong><\/li>\n<\/ol>\n<p>Wir m\u00fcssen leider per dieser GV abschied von 2 langj\u00e4hrigen Mitgliedern nehmen \ud83d\ude2d Das sind:<\/p>\n<blockquote>\n<p><strong>Michelle Seeburger &#8211; Abschied als Aktivmitglied<\/strong><\/p>\n<p><img data-recalc-dims=\"1\" loading=\"lazy\" decoding=\"async\" class=\"size-thumbnail wp-image-12099\" src=\"https:\/\/i0.wp.com\/chlueppliseck.ch\/wordpress\/wp-content\/uploads\/2020\/06\/IMG_20190203_130423.jpg?resize=225%2C300&#038;ssl=1\" alt=\"\" width=\"225\" height=\"300\" srcset=\"https:\/\/i0.wp.com\/chlueppliseck.ch\/wordpress\/wp-content\/uploads\/2020\/06\/IMG_20190203_130423.jpg?resize=225%2C300&amp;ssl=1 225w, https:\/\/i0.wp.com\/chlueppliseck.ch\/wordpress\/wp-content\/uploads\/2020\/06\/IMG_20190203_130423.jpg?resize=450%2C600&amp;ssl=1 450w, https:\/\/i0.wp.com\/chlueppliseck.ch\/wordpress\/wp-content\/uploads\/2020\/06\/IMG_20190203_130423.jpg?resize=644%2C859&amp;ssl=1 644w, https:\/\/i0.wp.com\/chlueppliseck.ch\/wordpress\/wp-content\/uploads\/2020\/06\/IMG_20190203_130423.jpg?resize=768%2C1024&amp;ssl=1 768w, https:\/\/i0.wp.com\/chlueppliseck.ch\/wordpress\/wp-content\/uploads\/2020\/06\/IMG_20190203_130423.jpg?w=810&amp;ssl=1 810w\" sizes=\"auto, (max-width: 225px) 100vw, 225px\" \/><\/p>\n<\/blockquote>\n<p>Sie hat uns w\u00e4hrend 20 Jahren anfangs auf der Lira, und sp\u00e4ter auf der Posaune begleitet. Michelle hatte diverse Jahre im Vorstand als Organisatorin, danach Aktuarin und zum Schluss noch als Revisor.<\/p>\n<p>Wir danken Michelle f\u00fcr die sch\u00f6ne Zeit und w\u00fcnschen alles gute, und auf dass wir in Zukunft wieder mal ein bisschen &#8222;Walliser &#8211; Weisswein&#8220; geniessen d\u00fcrfen.<\/p>\n<blockquote>\n<p><strong>Pascale Br\u00fchwiler &#8211; Abschied als Aktiv Mitglied<\/strong><\/p>\n<p><img data-recalc-dims=\"1\" loading=\"lazy\" decoding=\"async\" class=\"size-thumbnail wp-image-12101\" src=\"https:\/\/i0.wp.com\/chlueppliseck.ch\/wordpress\/wp-content\/uploads\/2020\/06\/1551799676_img_20190303_105249a.jpg?resize=225%2C300&#038;ssl=1\" alt=\"\" width=\"225\" height=\"300\" srcset=\"https:\/\/i0.wp.com\/chlueppliseck.ch\/wordpress\/wp-content\/uploads\/2020\/06\/1551799676_img_20190303_105249a.jpg?resize=225%2C300&amp;ssl=1 225w, https:\/\/i0.wp.com\/chlueppliseck.ch\/wordpress\/wp-content\/uploads\/2020\/06\/1551799676_img_20190303_105249a.jpg?resize=450%2C600&amp;ssl=1 450w, https:\/\/i0.wp.com\/chlueppliseck.ch\/wordpress\/wp-content\/uploads\/2020\/06\/1551799676_img_20190303_105249a.jpg?resize=644%2C859&amp;ssl=1 644w, https:\/\/i0.wp.com\/chlueppliseck.ch\/wordpress\/wp-content\/uploads\/2020\/06\/1551799676_img_20190303_105249a.jpg?resize=768%2C1024&amp;ssl=1 768w, https:\/\/i0.wp.com\/chlueppliseck.ch\/wordpress\/wp-content\/uploads\/2020\/06\/1551799676_img_20190303_105249a.jpg?w=1041&amp;ssl=1 1041w\" sizes=\"auto, (max-width: 225px) 100vw, 225px\" \/><\/p>\n<\/blockquote>\n<p>Sie hat uns w\u00e4hrend 16 Jahren anfangs auf den Jamblock, sp\u00e4ter auf der Pauke und zum Schluss auf der Trompete begleitet. Pascale hatte diverse Jahre im Vorstand als Organisatorin, Schmink-Tante, Homepage Verantwortliche und zum Schluss nochmals Schmink-Tante.<\/p>\n<p>Wir danken Pascale f\u00fcr die sch\u00f6ne Zeit und w\u00fcnschen alles gute, und auf dass wir in Zukunft wieder mal ein bisschen &#8222;Walliser &#8211; Weisswein&#8220; geniessen d\u00fcrfen.<\/p>\n<blockquote>\n<p><strong>Cornelia Frauenfelder &#8211; Willkommen als Aktiv Mitglied!<\/strong><\/p>\n<p><img data-recalc-dims=\"1\" loading=\"lazy\" decoding=\"async\" class=\"size-thumbnail wp-image-12100 aligncenter\" src=\"https:\/\/i0.wp.com\/chlueppliseck.ch\/wordpress\/wp-content\/uploads\/2020\/06\/IMG-20200203-WA0002.png?resize=200%2C300&#038;ssl=1\" alt=\"\" width=\"200\" height=\"300\" srcset=\"https:\/\/i0.wp.com\/chlueppliseck.ch\/wordpress\/wp-content\/uploads\/2020\/06\/IMG-20200203-WA0002.png?resize=200%2C300&amp;ssl=1 200w, https:\/\/i0.wp.com\/chlueppliseck.ch\/wordpress\/wp-content\/uploads\/2020\/06\/IMG-20200203-WA0002.png?resize=399%2C600&amp;ssl=1 399w, https:\/\/i0.wp.com\/chlueppliseck.ch\/wordpress\/wp-content\/uploads\/2020\/06\/IMG-20200203-WA0002.png?resize=644%2C967&amp;ssl=1 644w, https:\/\/i0.wp.com\/chlueppliseck.ch\/wordpress\/wp-content\/uploads\/2020\/06\/IMG-20200203-WA0002.png?w=719&amp;ssl=1 719w\" sizes=\"auto, (max-width: 200px) 100vw, 200px\" \/><\/p>\n<\/blockquote>\n<p>Fr. Frauenfelder hat uns nun bereits 1. Jahr im L-Jahr begleitet, da wir alles so coole Leute sind, hat Sie sich entschieden in den Aktiven Dienst bei uns zu treten \ud83d\ude0b<\/p>\n<blockquote>\n<p><strong>Annika Schweizer &#8211; Willkommen als Jung-Gugger!<\/strong><\/p>\n<p><img data-recalc-dims=\"1\" loading=\"lazy\" decoding=\"async\" class=\"size-thumbnail wp-image-12102 aligncenter\" src=\"https:\/\/i0.wp.com\/chlueppliseck.ch\/wordpress\/wp-content\/uploads\/2020\/06\/Probeweekend2018424Original.jpg?resize=200%2C300&#038;ssl=1\" alt=\"\" width=\"200\" height=\"300\" srcset=\"https:\/\/i0.wp.com\/chlueppliseck.ch\/wordpress\/wp-content\/uploads\/2020\/06\/Probeweekend2018424Original.jpg?resize=200%2C300&amp;ssl=1 200w, https:\/\/i0.wp.com\/chlueppliseck.ch\/wordpress\/wp-content\/uploads\/2020\/06\/Probeweekend2018424Original.jpg?resize=400%2C600&amp;ssl=1 400w, https:\/\/i0.wp.com\/chlueppliseck.ch\/wordpress\/wp-content\/uploads\/2020\/06\/Probeweekend2018424Original.jpg?resize=644%2C966&amp;ssl=1 644w, https:\/\/i0.wp.com\/chlueppliseck.ch\/wordpress\/wp-content\/uploads\/2020\/06\/Probeweekend2018424Original.jpg?resize=768%2C1152&amp;ssl=1 768w, https:\/\/i0.wp.com\/chlueppliseck.ch\/wordpress\/wp-content\/uploads\/2020\/06\/Probeweekend2018424Original.jpg?resize=1024%2C1536&amp;ssl=1 1024w, https:\/\/i0.wp.com\/chlueppliseck.ch\/wordpress\/wp-content\/uploads\/2020\/06\/Probeweekend2018424Original.jpg?w=1280&amp;ssl=1 1280w\" sizes=\"auto, (max-width: 200px) 100vw, 200px\" \/><\/p>\n<\/blockquote>\n<p>Annika Schweizer die 3. Wilde aus dem Schweizer Clan &#8211; Bereits seit Sie ein Baby war ist Annika bei uns mit dabei! Nun wird Sie in diesem Jahr 16 Jahre alt und darf somit Aktiv an den Proben und Auftritten teilnehmen! \ud83c\udf89<\/p>\n<hr>\n<p style=\"text-align: center;\"><strong>2. Vorstand &#8211; Personelle Ver\u00e4nderungen<\/strong><\/p>\n<blockquote>\n<p><strong>Pascale Schweizer &#8211; Abgabe Amt Aktuarin \/ Web-Autorin<\/strong><\/p>\n<p><img data-recalc-dims=\"1\" loading=\"lazy\" decoding=\"async\" class=\"size-thumbnail wp-image-12106 aligncenter\" src=\"https:\/\/i0.wp.com\/chlueppliseck.ch\/wordpress\/wp-content\/uploads\/2020\/06\/Probeweekend2018463Original.jpg?resize=200%2C300&#038;ssl=1\" alt=\"\" width=\"200\" height=\"300\" srcset=\"https:\/\/i0.wp.com\/chlueppliseck.ch\/wordpress\/wp-content\/uploads\/2020\/06\/Probeweekend2018463Original.jpg?resize=200%2C300&amp;ssl=1 200w, https:\/\/i0.wp.com\/chlueppliseck.ch\/wordpress\/wp-content\/uploads\/2020\/06\/Probeweekend2018463Original.jpg?resize=400%2C600&amp;ssl=1 400w, https:\/\/i0.wp.com\/chlueppliseck.ch\/wordpress\/wp-content\/uploads\/2020\/06\/Probeweekend2018463Original.jpg?resize=644%2C966&amp;ssl=1 644w, https:\/\/i0.wp.com\/chlueppliseck.ch\/wordpress\/wp-content\/uploads\/2020\/06\/Probeweekend2018463Original.jpg?resize=768%2C1152&amp;ssl=1 768w, https:\/\/i0.wp.com\/chlueppliseck.ch\/wordpress\/wp-content\/uploads\/2020\/06\/Probeweekend2018463Original.jpg?resize=1024%2C1536&amp;ssl=1 1024w, https:\/\/i0.wp.com\/chlueppliseck.ch\/wordpress\/wp-content\/uploads\/2020\/06\/Probeweekend2018463Original.jpg?w=1280&amp;ssl=1 1280w\" sizes=\"auto, (max-width: 200px) 100vw, 200px\" \/><\/p>\n<\/blockquote>\n<p>Pascale Schweizer hat 3 Jahre lang den Vorstandsposten der Aktuarin innegehabt, da Sie NEU neben dem Designen der Gw\u00e4ndli nun auch noch die Rhytmus Chefin \u00fcbernimmt, wird Sie den Vorstandsposten r\u00e4umen.<\/p>\n<blockquote>\n<p style=\"text-align: left;\"><strong>Stefan Meier &#8211; NEU Amt Aktuar \/ Web-Autor<\/strong><\/p>\n<p><img data-recalc-dims=\"1\" loading=\"lazy\" decoding=\"async\" class=\"size-thumbnail wp-image-12096 aligncenter\" src=\"https:\/\/i0.wp.com\/chlueppliseck.ch\/wordpress\/wp-content\/uploads\/2020\/06\/Probeweekend2018469Original.jpg?resize=200%2C300&#038;ssl=1\" alt=\"\" width=\"200\" height=\"300\" srcset=\"https:\/\/i0.wp.com\/chlueppliseck.ch\/wordpress\/wp-content\/uploads\/2020\/06\/Probeweekend2018469Original.jpg?resize=200%2C300&amp;ssl=1 200w, https:\/\/i0.wp.com\/chlueppliseck.ch\/wordpress\/wp-content\/uploads\/2020\/06\/Probeweekend2018469Original.jpg?resize=400%2C600&amp;ssl=1 400w, https:\/\/i0.wp.com\/chlueppliseck.ch\/wordpress\/wp-content\/uploads\/2020\/06\/Probeweekend2018469Original.jpg?resize=644%2C966&amp;ssl=1 644w, https:\/\/i0.wp.com\/chlueppliseck.ch\/wordpress\/wp-content\/uploads\/2020\/06\/Probeweekend2018469Original.jpg?w=720&amp;ssl=1 720w\" sizes=\"auto, (max-width: 200px) 100vw, 200px\" \/><\/p>\n<\/blockquote>\n<p>Stefan Meier ist ein &#8222;alt&#8220; bekannt im Vorstand, nach einer heftigen Wahlniederlage im Jahr 2016, konnte er sich nun wieder das Amt des Aktuar unter den Nagel reissen \ud83d\ude01 Vorstandserfahrung hat er ja bereits mehr als gen\u00fcgen, war er doch mal unser &#8222;El Cheffe&#8220;.<\/p>\n<hr>\n<p style=\"text-align: center;\"><strong>3. Sonstige Informationen<\/strong><\/p>\n<p>An der Generalversammlung wurde auch das nigel-nagel NEUE Gw\u00e4ndli f\u00fcr die Saison 20\/21 von Pascale Schweizer vorgestellt. Lasst euch \u00fcberraschen von diesem speziellen Gewand! Wir werden dieses nun in schweisstreibenden und oft auch frustrierenden, aber zugleich lustigen Stunden\/Tage\/Woche mit heftigen Einsatz von Fluchw\u00f6rtern Zuhause zusammen basteln&#8230; N\u00e4hen! ich meine N\u00e4hen!<\/p>\n<p>Zudem hat der Musikus Marcel Sp\u00fchler die neuen St\u00fccke an der GV pr\u00e4sentiert, welche dann ab dem 18. August einge\u00fcbt werden&#8230; Auch hier k\u00f6nnt ihr gespannt sein, welche neuen St\u00fccke wir euch in Zukunft um die Ohren hauen werden&#8230;<\/p>\n<p>Die Chl\u00fcpplis geniessen nun Ihre Sommerferien, und wir sehen uns schon bald!<\/p>\n<p>Eure Chl\u00fcpplis<\/p>\n","protected":false},"excerpt":{"rendered":"<p>Wir sind schon mitten im Jahr &#8211; im Hochsommer sozusagen&#8230;\ud83c\udf1e Dennoch hatten wir erst jetzt unsere Generalversammlung. Corona sei Dank! \ud83e\udda0 Die Generalversammlung brachte folgende \u00c4nderungen zu Tage: Personelle Ver\u00e4nderungen der Chl\u00fcppliseck Chloote Wir m\u00fcssen leider per dieser GV abschied von 2 langj\u00e4hrigen Mitgliedern nehmen \ud83d\ude2d Das sind: Michelle Seeburger &#8211; Abschied als Aktivmitglied Sie&#8230;<\/p>\n","protected":false},"author":50,"featured_media":0,"comment_status":"open","ping_status":"open","sticky":false,"template":"","format":"standard","meta":{"ngg_post_thumbnail":0,"_jetpack_memberships_contains_paid_content":false,"footnotes":""},"categories":[1],"tags":[],"class_list":["post-12098","post","type-post","status-publish","format-standard","hentry","category-uncategorized"],"jetpack_featured_media_url":"","jetpack_sharing_enabled":true,"_links":{"self":[{"href":"https:\/\/chlueppliseck.ch\/wordpress\/wp-json\/wp\/v2\/posts\/12098","targetHints":{"allow":["GET"]}}],"collection":[{"href":"https:\/\/chlueppliseck.ch\/wordpress\/wp-json\/wp\/v2\/posts"}],"about":[{"href":"https:\/\/chlueppliseck.ch\/wordpress\/wp-json\/wp\/v2\/types\/post"}],"author":[{"embeddable":true,"href":"https:\/\/chlueppliseck.ch\/wordpress\/wp-json\/wp\/v2\/users\/50"}],"replies":[{"embeddable":true,"href":"https:\/\/chlueppliseck.ch\/wordpress\/wp-json\/wp\/v2\/comments?post=12098"}],"version-history":[{"count":5,"href":"https:\/\/chlueppliseck.ch\/wordpress\/wp-json\/wp\/v2\/posts\/12098\/revisions"}],"predecessor-version":[{"id":12108,"href":"https:\/\/chlueppliseck.ch\/wordpress\/wp-json\/wp\/v2\/posts\/12098\/revisions\/12108"}],"wp:attachment":[{"href":"https:\/\/chlueppliseck.ch\/wordpress\/wp-json\/wp\/v2\/media?parent=12098"}],"wp:term":[{"taxonomy":"category","embeddable":true,"href":"https:\/\/chlueppliseck.ch\/wordpress\/wp-json\/wp\/v2\/categories?post=12098"},{"taxonomy":"post_tag","embeddable":true,"href":"https:\/\/chlueppliseck.ch\/wordpress\/wp-json\/wp\/v2\/tags?post=12098"}],"curies":[{"name":"wp","href":"https:\/\/api.w.org\/{rel}","templated":true}]}}