{"id":11952,"date":"2020-03-03T00:48:02","date_gmt":"2020-03-02T23:48:02","guid":{"rendered":"http:\/\/chlueppliseck.ch\/?p=11952"},"modified":"2022-10-24T20:41:25","modified_gmt":"2022-10-24T18:41:25","slug":"3-fasnachtsweekend-2o2o-und-bereits-das-letzte","status":"publish","type":"post","link":"https:\/\/chlueppliseck.ch\/wordpress\/2020\/03\/03\/3-fasnachtsweekend-2o2o-und-bereits-das-letzte\/","title":{"rendered":"3. Fasnachtsweekend 2o2o (und bereits das letzte?!?)"},"content":{"rendered":"\n\n\n<p>So, das 3. Fasnachtsweekend ist bereits Geschichte. Und wenn es ganz dumm l\u00e4uft auch das letzte f\u00fcr 2o2o \ud83d\ude2d<\/p>\n<p>Klingt komisch? &#8211; Is aber so!&nbsp;<\/p>\n<p>Leider wurde das n\u00e4chste Wochenende in R\u00fcmlang bereits abgesagt.<\/p>\n<p>Wieso? Wegen dem&#8230;<\/p>\n<p style=\"text-align: center;\"><strong> (ACHTUNG! Wer hier weiterliest, k\u00f6nnte sich dabei anstecken!!!)<\/strong><\/p>\n<p><strong>Corona Virus<\/strong> \ud83e\udda0 *D\u00fcstereundunheimlichesowiespannendeMusik*<\/p>\n<p>Achtung der Corona Virus (Covid-19) ist nicht zu verwechseln mit diesem Corona.<\/p>\n<p><a tabindex=\"0\" class=\"eHAdSb\" role=\"link\" aria-label=\"Spritnmore aufrufen\" href=\"https:\/\/www.google.ch\/url?sa=i&amp;url=https%3A%2F%2Fshop.spritnmore.ch%2Fprodukt%2Fcorona-extra%2F&amp;psig=AOvVaw1XZEOGRsXVTtltXeUBTpA0&amp;ust=1583274051278000&amp;source=images&amp;cd=vfe&amp;ved=0CAIQjRxqFwoTCPjsuM3p_OcCFQAAAAAdAAAAABAE\" target=\"_blank\" rel=\"noopener noreferrer\" data-ved=\"0CAIQjRxqFwoTCPjsuM3p_OcCFQAAAAAdAAAAABAE\"><\/a><\/p>\n<p><sub>(Zuviel von dem ist auch nicht der Gesundheit f\u00f6rderlich, aber weitaus weniger schlimm)<\/sub><\/p>\n<p style=\"text-align: center;\">B\u00f6ser Corona-Virus! Pfui!<\/p>\n<p><img data-recalc-dims=\"1\" loading=\"lazy\" decoding=\"async\" width=\"600\" height=\"400\" alt=\"\" src=\"https:\/\/i0.wp.com\/chlueppliseck.ch\/wordpress\/wp-content\/uploads\/2020\/03\/IMG-20200229-WA0020.jpg?resize=600%2C400&#038;ssl=1\"><\/p>\n<p>Auch unser eigentliches Abschlussweekend steht noch in den Sternen. Ob die Fasnacht in Rorbas durchgef\u00fchrt werden kann, werden wir erst am Freitag erfahren.&nbsp;<\/p>\n<p style=\"text-align: center;\"><strong>Aber nun zur\u00fcck zum 3. Fasnachtsweekend&#8230;<\/strong><\/p>\n<p>Am Freitag Abend waren wir zu Gast in Glattfelden&#8230; Die Gemeinde in welcher unser &#8222;El Cheffe&#8220; zuhause ist! Und da m\u00f6chten wir nat\u00fcrlich eine besonders gute Falle machen \ud83d\udc4d<\/p>\n<p>Als 1. Stand der Sternmarsch auf dem Programm&#8230;<\/p>\n<p><img data-recalc-dims=\"1\" decoding=\"async\" id=\"fancybox-img\" alt=\"\" src=\"https:\/\/i0.wp.com\/chlueppliseck.ch\/wordpress\/wp-content\/gallery\/glattfelden-2020\/IMG-20200228-WA0012.png?w=644&#038;ssl=1\"><\/p>\n<p>Begleitet von Michelle&#8217;s G\u00f6tti Kind &#8222;Jeffrey&#8220; machten wir uns um Punkt 8 Uhr auf in Richtung Coop Glattfelden, wo sich die 4 gestarteten Guggen trafen. Und dort spielte man dann Reihum 2 St\u00fccke, und die Menge tobte \ud83c\udf89<\/p>\n<p>Danach ging es dann weiter zur Mausefalle dort wurde wir wie immer mit offenen Armen empfangen, und wir durften erfrischt aufspielen, auch wenn die Stimmung nicht ganz so gut war wie das vorletzte Jahr.<\/p>\n<p>Ok &#8211; Es war ja noch fr\u00fch, da ist wohl noch zuwenig des edlen Hopfensaftes und\/oder vergorenem Traubensaft die Kehle runtergerutscht&#8230;<\/p>\n<p>Weiter ging es dann in die Werkstatt-Bar &#8211; ein gelungener Auftritt, die Leute hatten viel Spass daran&#8230;<\/p>\n<p>Und weiter geht es 1x quer durchs Dorf in den L\u00f6wen&#8230; Dort angekommen mussten wir dann aber feststellen, das der L\u00f6wen am Freitag Abend doch zu weit vom Zentrum entfernt lag&#8230; None \/ Zero \/ Nada \/ Niente G\u00e4ste waren anwesend. Das nutzen wir dann nat\u00fcrlich f\u00fcr eine kleine Pause und tranken etwas im Gasthaus&#8230;<\/p>\n<p>Hr. und Fr. Frauenfelder genossen derweil ein romantisches Candlelight Dinner f\u00fcr 2&#8230;<\/p>\n<p><img data-recalc-dims=\"1\" decoding=\"async\" id=\"fancybox-img\" alt=\"\" src=\"https:\/\/i0.wp.com\/chlueppliseck.ch\/wordpress\/wp-content\/gallery\/glattfelden-2020\/IMG-20200228-WA0031.png?w=644&#038;ssl=1\"><\/p>\n<p>Letzter Halt &#8211; Traube Revival Bar im alten Chindsgi&#8230;<\/p>\n<p>Aufritt um 00:00 Uhr&#8230; Und hier hatte es zum Gl\u00fcck noch einige Leute die mit uns den letzten Auftritt des Abends feierten&#8230;<\/p>\n<p>Danach war das Offizielle Programm vorbei und das Nachtleben begann&#8230;<\/p>\n<p><img data-recalc-dims=\"1\" decoding=\"async\" id=\"fancybox-img\" alt=\"\" src=\"https:\/\/i0.wp.com\/chlueppliseck.ch\/wordpress\/wp-content\/gallery\/glattfelden-2020\/IMG-20200228-WA0020.png?w=644&#038;ssl=1\"><\/p>\n<p>Einige Chl\u00fcpplis wollten und wollten nicht nach Hause (Naja, ausser ich&#8230; ich wollte nach Hause, durfte aber nicht&#8230;), und so musste dann unter greller Neonbeleuchtung nach 04:00 Uhr das Feld ger\u00e4umt werden.&nbsp;<\/p>\n<p style=\"text-align: center;\"><strong>Samstag &#8211; Abend Maskenball Robenhausen<\/strong><\/p>\n<p>Ein bisschen mit Angst, ob trotz Corona-Virus auch gen\u00fcgend Leute an den Maskenball in Robenhausen kommen, hatten wir schon. Es wurde ja leider auch der Umzug am Sonntag, an dem wir auch teilgenommen h\u00e4tten, wegen des Viruses abgesagt.&nbsp;<\/p>\n<p>Doch diese Angst war total unbegr\u00fcndet!<\/p>\n<p>Robenhausen rockt! Und zwar richtig!&nbsp;<\/p>\n<p><img data-recalc-dims=\"1\" decoding=\"async\" id=\"fancybox-img\" alt=\"\" src=\"https:\/\/i0.wp.com\/chlueppliseck.ch\/wordpress\/wp-content\/gallery\/robenhausen-2020\/IMG-20200301-WA0056.png?w=644&#038;ssl=1\"><\/p>\n<p>Liegt es evtl. am etwas h\u00f6heren Durchschnittsalter am Maskenball von Robenhausen? K\u00f6nnte sein, da k\u00f6nnen wir jungen Schnaufer noch etwas von der bisschen \u00e4lteren Garde lernen!&nbsp;<\/p>\n<p>Trotz unseres fr\u00fchen Auftrittes in der Halle (21:15 Uhr) war die Stimmung bombastisch! Alle aber auch wirklich alle machten mit! So geht Fasnacht&#8230; Einfach ein gelungener Auftritt&#8230;<\/p>\n<p>Nach dem Auftritt in der Halle, ging es dann nach draussen ins k\u00fchle Nass, um in den Beizen aufzuspielen.<\/p>\n<p style=\"text-align: center;\"><strong>1. Halt &#8211; Asia Garden<\/strong><\/p>\n<p>Kleines Asiatisches Restaurant mit kleiner Anzahl an G\u00e4sten und kleinen asiatischen Angestellten \ud83d\ude0b Trotzt des \u00fcberschaubaren Publikums spielten wir auf, und die wenigen G\u00e4ste + Angestellte hatten Freude daran! Es gab dann sogar noch eine Freie Auswahl an Getr\u00e4nken f\u00fcr jedermann! Cool Danke!<\/p>\n<p style=\"text-align: center;\"><strong>2. Halt &#8211; Anker<\/strong><\/p>\n<p>Noch kleiner als das Asia Garden, war das Restaurant Anker. Auch hier durften wir vor kleinem Publikum aufspielen. Alleinunterhalter &#8222;Scheintot&#8220; und ein Haufen heiratswilliger Brasilianerinnen waren auch mit von der Partie&#8230; W\u00e4ren Sie uns zu Nahe gekommen, h\u00e4tten wir wohl unseren Ronny opfern m\u00fcssen (Sorry Ronny), da h\u00e4tten Sie erstmal was zum spielen gehabt. \ud83e\udd2d<\/p>\n<p style=\"text-align: center;\"><strong>3. und letzter Halt &#8211; Pf\u00e4hli-Bar<\/strong><\/p>\n<p>Noch in guter Erinnerung vom letzten mal Robenhausen, begaben wir uns zum letzten Auftritt in der Pf\u00e4hli-Bar. Hier was er rappelvoll, und die Leute machten nochmals richtig sch\u00f6n mit. Unser Ronny lief mit seiner Pauke zur H\u00f6chstform auf! (Zum Gl\u00fcck hatten wir Ihn doch nicht geopfert!)<\/p>\n<p>Danach war gem\u00fctliches ausklingen in der Halle an der Reihe, auch hier konnten wir nochmals so richtig feiern!&nbsp;<\/p>\n<p>(Mann weiss ja nie ob es das letzte mal sein wird, bevor die Welt unter dem Corona-Virus zu Grunde geht&#8230;)<\/p>\n<p style=\"text-align: center;\"><strong>Sonntag &#8211; Glattfelden 2.0<\/strong><\/p>\n<p>H\u00e4 Glattfelden? Es stand doch Robenhausen auf dem Plan&#8230;<\/p>\n<p>Wie schon erw\u00e4hnt wurde der Umzug in Robenhausen auf Grund des <span style=\"display: inline !important; float: none; background-color: #ffffff; color: #191e23; cursor: text; font-family: 'Noto Serif'; font-size: 16px; font-style: normal; font-variant: normal; font-weight: 400; letter-spacing: normal; orphans: 2; text-align: left; text-decoration: none; text-indent: 0px; text-transform: none; -webkit-text-stroke-width: 0px; white-space: normal; word-spacing: 0px;\">\ud83e\udda0<\/span> abgesagt&#8230;<\/p>\n<p>Unser &#8222;El Cheffe &#8211; Sandro&#8220; hatte am Freitag nebenbei noch schnell uns einen Platz am Umzug in Glattfelden besorgt! Vielen Dank!<\/p>\n<p>In Glattfelden angekommen, musste dann zuerst sortiert werden, schliesslich waren wir nicht die einzigen, die sich noch kurzfristig an den Umzug angemeldet hatten. Schliesslich wollten alle nochmal Fasnacht feiern, bevor es dann ein evtl. abruptes Ende nehmen wird!<\/p>\n<p>Bei sch\u00f6nstem sonnigen Wetter, nahmen wir die Verfolgung des Umzuges von hinten auf. Auf den Gassen in Glattfelden \u00fcberall Publikum mal mehr mal weniger, spielten wir nochmals aus voller Kehle. Der Umzug von Glattfelden hat Potenzial f\u00fcr Gewiss!&nbsp;<\/p>\n<p><img data-recalc-dims=\"1\" decoding=\"async\" id=\"fancybox-img\" alt=\"\" src=\"https:\/\/i0.wp.com\/chlueppliseck.ch\/wordpress\/wp-content\/gallery\/glattfelden-2020\/IMG-20200301-WA0039.png?w=644&#038;ssl=1\"><\/p>\n<p><video width=\"500\" height=\"500\" controls=\"controls\">\n<source src=\"https:\/\/chlueppliseck.ch\/wordpress\/wp-content\/uploads\/2020\/03\/VID-20200301-WA0061.mp4\" type=\"video\/mp4\"><\/video><\/p>\n<p>Am Ende des Umzuges gab es dann noch Verpflegung, und ein gem\u00fctliches ausklingen&#8230;<\/p>\n<p>(So zumindest der Schein!)<\/p>\n<p>Nein, einige Chl\u00fcpplis wollten auch hier wieder einmal nicht nach Hause, und wollten mit jedem noch so kleinen letzten Atemzug die Fasnacht nochmals geniessen. Um 17:00 Uhr stand das B\u00f6\u00f6ge verbrennen in Glattfelden auf dem Programm. Auch hier spielten nochmals Guggen.&nbsp;<\/p>\n<p>Auch wir wurden nochmals gebeten ein letztes mal Aufzutreten. Kurzer Blick in die Runde: Trompeten (3x) \u2714\ufe0f Posaunen (2x) \u2714\ufe0f Schlagzeug (1x) \u2714\ufe0f das muss reichen! Wir sind Spielbereit!&nbsp;<\/p>\n<p><img data-recalc-dims=\"1\" decoding=\"async\" id=\"fancybox-img\" alt=\"\" src=\"https:\/\/i0.wp.com\/chlueppliseck.ch\/wordpress\/wp-content\/gallery\/glattfelden-2020\/IMG-20200301-WA0050.png?w=644&#038;ssl=1\"><\/p>\n<p>Eine Pauke (sogar 2!) organisierten wir noch schnell neben bei der Nachbarsgugge f\u00fcr unser kleines Stelldichein&#8230; Danke an die Paukisten der H\u00f6hlengugger Viznau f\u00fcr die Unterst\u00fctzung!<\/p>\n<p><video width=\"499\" height=\"499\" controls=\"controls\">\n<source src=\"https:\/\/chlueppliseck.ch\/wordpress\/wp-content\/uploads\/2020\/03\/VID-20200301-WA0053.mp4\" type=\"video\/mp4\"><\/video><\/p>\n<p>Und ja, wer das Video ansieht dem wir etwas auffallen&#8230;<\/p>\n<p>Unser &#8222;El Cheffe &#8211; Sandro&#8220; &#8211; Auch er hat sich schnell noch ein Instrument organisiert und ist w\u00e4hrend dem Spiel zu uns gestossen! <strong>ZACK da bini \ud83d\ude43<\/strong><\/p>\n<p>Und so durfte dann die Mini-Kleinformation der Chl\u00fcppliseck Chloote nochmals f\u00fcr 2 St\u00fccke aufspielen&#8230;<\/p>\n<p>Sollte es nun wirklich soweit sein, das es hier f\u00fcr 2o2o zu Ende sein sollte, dann m\u00f6chte ich mich von euch verabschieden&#8230; Bis n\u00e4chste Saison.<\/p>\n<p>Eure Chl\u00fcpplis<\/p>\n<p><strong>*Disclaimer<\/strong><\/p>\n<p><sub>Bitte die Beitr\u00e4ge die hier gelesen werden, immer mit einer <strong>grossen<\/strong> Priese Humor nehmen, und gut nachsp\u00fchlen! Sollte sich jemand auf den &#8222;Schlips&#8220; getreten f\u00fchlen, oder f\u00fcr Ihn die evtl. Verherrlichung des Corona Virus ein Problem darstellen, so darf es sich gerne bei mir direkt melden.<\/sub><\/p>\n<p><sub>Dieser Beitrag (und alle anderen Beitr\u00e4ge) wurde von mir geschrieben und stellen auch NUR meine Ansicht dar! Dies ist keine Ansicht von unserer ganzen Gugge!: <\/sub><\/p>\n<p><sub><strong>Marcel Sp\u00fchler<\/strong> &#8211;&nbsp;Musikus Chl\u00fcppliseck Chloote<\/sub><\/p>\n","protected":false},"excerpt":{"rendered":"<p>So, das 3. Fasnachtsweekend ist bereits Geschichte. Und wenn es ganz dumm l\u00e4uft auch das letzte f\u00fcr 2o2o \ud83d\ude2d Klingt komisch? &#8211; Is aber so!&nbsp; Leider wurde das n\u00e4chste Wochenende in R\u00fcmlang bereits abgesagt. Wieso? Wegen dem&#8230; (ACHTUNG! Wer hier weiterliest, k\u00f6nnte sich dabei anstecken!!!) Corona Virus \ud83e\udda0 *D\u00fcstereundunheimlichesowiespannendeMusik* Achtung der Corona Virus (Covid-19) ist&#8230;<\/p>\n","protected":false},"author":50,"featured_media":0,"comment_status":"open","ping_status":"open","sticky":false,"template":"","format":"standard","meta":{"ngg_post_thumbnail":0,"_jetpack_memberships_contains_paid_content":false,"footnotes":""},"categories":[1],"tags":[],"class_list":["post-11952","post","type-post","status-publish","format-standard","hentry","category-uncategorized"],"jetpack_featured_media_url":"","jetpack_sharing_enabled":true,"_links":{"self":[{"href":"https:\/\/chlueppliseck.ch\/wordpress\/wp-json\/wp\/v2\/posts\/11952","targetHints":{"allow":["GET"]}}],"collection":[{"href":"https:\/\/chlueppliseck.ch\/wordpress\/wp-json\/wp\/v2\/posts"}],"about":[{"href":"https:\/\/chlueppliseck.ch\/wordpress\/wp-json\/wp\/v2\/types\/post"}],"author":[{"embeddable":true,"href":"https:\/\/chlueppliseck.ch\/wordpress\/wp-json\/wp\/v2\/users\/50"}],"replies":[{"embeddable":true,"href":"https:\/\/chlueppliseck.ch\/wordpress\/wp-json\/wp\/v2\/comments?post=11952"}],"version-history":[{"count":7,"href":"https:\/\/chlueppliseck.ch\/wordpress\/wp-json\/wp\/v2\/posts\/11952\/revisions"}],"predecessor-version":[{"id":12613,"href":"https:\/\/chlueppliseck.ch\/wordpress\/wp-json\/wp\/v2\/posts\/11952\/revisions\/12613"}],"wp:attachment":[{"href":"https:\/\/chlueppliseck.ch\/wordpress\/wp-json\/wp\/v2\/media?parent=11952"}],"wp:term":[{"taxonomy":"category","embeddable":true,"href":"https:\/\/chlueppliseck.ch\/wordpress\/wp-json\/wp\/v2\/categories?post=11952"},{"taxonomy":"post_tag","embeddable":true,"href":"https:\/\/chlueppliseck.ch\/wordpress\/wp-json\/wp\/v2\/tags?post=11952"}],"curies":[{"name":"wp","href":"https:\/\/api.w.org\/{rel}","templated":true}]}}