{"id":11742,"date":"2020-02-27T00:07:45","date_gmt":"2020-02-26T23:07:45","guid":{"rendered":"http:\/\/chlueppliseck.ch\/?p=11742"},"modified":"2023-02-09T22:16:58","modified_gmt":"2023-02-09T21:16:58","slug":"2-fasnachtsweekend-2o2o-hauptweekend","status":"publish","type":"post","link":"https:\/\/chlueppliseck.ch\/wordpress\/2020\/02\/27\/2-fasnachtsweekend-2o2o-hauptweekend\/","title":{"rendered":"2. Fasnachtsweekend 2o2o (Hauptweekend)"},"content":{"rendered":"\n<p>Wuhhhuuuu Grosses Weeekeeeennnd!!!<\/p>\n<p>Alle freuen sich wie die bekloppten auf dieses Wochenende&#8230; Am Freitag Nachmittag war es dann endlich soweit, aufbruch nach Sion VS.<\/p>\n\n\n\n<div class=\"wp-block-columns is-layout-flex wp-container-core-columns-is-layout-9d6595d7 wp-block-columns-is-layout-flex\">\n<div class=\"wp-block-column is-layout-flow wp-block-column-is-layout-flow\">\n<p><iframe loading=\"lazy\" width=\"600\" height=\"450\" src=\"https:\/\/www.google.com\/maps\/embed?pb=!1m18!1m12!1m3!1d44163.68939211085!2d7.33024571829407!3d46.22575898388633!2m3!1f0!2f0!3f0!3m2!1i1024!2i768!4f13.1!3m3!1m2!1s0x478ede85d8f91aaf%3A0xfe3fae7d36878aca!2sSitten!5e0!3m2!1sde!2sch!4v1582746114447!5m2!1sde!2sch\" frameborder=\"0\" allowfullscreen=\"allowfullscreen\" style=\"border: 0;\"><\/iframe><\/p>\n<\/div>\n\n\n\n<div class=\"wp-block-column is-layout-flow wp-block-column-is-layout-flow\">\n<figure class=\"wp-block-image size-large is-resized\"><img data-recalc-dims=\"1\" loading=\"lazy\" decoding=\"async\" src=\"https:\/\/i0.wp.com\/chlueppliseck.ch\/wordpress\/wp-content\/uploads\/2020\/02\/120px-Sion-coat_of_arms.svg.png?resize=118%2C150&#038;ssl=1\" alt=\"\" class=\"wp-image-11750\" width=\"118\" height=\"150\"\/><figcaption>Wappen Sion<\/figcaption><\/figure>\n\n\n\n<figure class=\"wp-block-image size-large is-resized\"><img data-recalc-dims=\"1\" loading=\"lazy\" decoding=\"async\" src=\"https:\/\/i0.wp.com\/chlueppliseck.ch\/wordpress\/wp-content\/uploads\/2020\/02\/Wappen_Wallis_matt.svg.png?resize=122%2C146&#038;ssl=1\" alt=\"\" class=\"wp-image-11748\" width=\"122\" height=\"146\"\/><figcaption>Kanton Wallis (VS)<\/figcaption><\/figure>\n\n\n<\/div>\n<\/div>\n\n\n\n<p>Wir versammelten uns um 14:00 Uhr im Stall in Kloten, von wo wir mit dem Kleinbus nach Sion reisen&#8230; Das wird richtig kuschelig \ud83d\ude18<\/p>\n<p>Doch gleich zum Start die erste \u00dcberraschung&#8230;<\/p>\n<p>&nbsp;<\/p>\n<p>Unser gebuchter Car ist doch gr\u00f6sser als gedacht.<\/p>\n<blockquote>\n<p><strong>Ein Premium Free Upgrade durch Hesscar.<\/strong><\/p>\n<\/blockquote>\n<p><img data-recalc-dims=\"1\" decoding=\"async\" class=\"aligncenter\" alt=\"Parks And Recreation Reaction GIF\" src=\"https:\/\/i0.wp.com\/media2.giphy.com\/media\/5VKbvrjxpVJCM\/giphy.gif?w=644&#038;ssl=1\"><\/p>\n<p>Vielen Dank daf\u00fcr! Statt des kleinen 18 Pl\u00e4tzer stand da pl\u00f6tzlich ein 27 Pl\u00e4tzer mit allem drum und dran&#8230; (Laut HP das NEUESTE! Fahrzeug der Flotte von Hesscar) mit mehr als gen\u00fcgend Platz f\u00fcr Instrumente und Chl\u00fcpplis\u2026<\/p>\n<p><img data-recalc-dims=\"1\" decoding=\"async\" id=\"fancybox-img\" alt=\"\" src=\"https:\/\/i0.wp.com\/chlueppliseck.ch\/wordpress\/wp-content\/gallery\/sion-2020\/IMG_20200221_134022.png?w=644&#038;ssl=1\"><\/p>\n<p>Gem\u00fctlich eingerichtet. (Jeder auf 2 Sitzpl\u00e4tzen oder so) ging es dann Richtung Sion&#8230;<\/p>\n<p>Dank Fr. Frauenfelder (ich glaube ich darf nicht Conny schreiben) hatten wir einen Start-Trinkvorrat, denn Fr. Frauenfelder feierte am Freitag Geburtstag!&nbsp;<\/p>\n<p><a class=\"sc-TOsTZ kmzIGG\" href=\"https:\/\/giphy.com\/gifs\/birthday-happy-hbd-3oEhn78T277GKAq6Gc\"><img data-recalc-dims=\"1\" loading=\"lazy\" decoding=\"async\" width=\"248\" height=\"164\" class=\"sc-gisBJw eHRspB aligncenter\" alt=\"hbd GIF by happy-birthday\" src=\"https:\/\/i0.wp.com\/media1.giphy.com\/media\/3oEhn78T277GKAq6Gc\/200.webp?resize=248%2C164&#038;ssl=1\"><\/a><\/p>\n<p>Zarte 21 Jahre* hat Sie nun auf dem Buckel&#8230; Happy Birthday!<\/p>\n<p><sub>*Unbest\u00e4tigten Quellen zufolge sollen es wohl ein paar mehr J\u00e4hrchen sein, aber psssst\u2026<\/sub><\/p>\n<p>Eine Car-Fahrt die ist Lustig eine Car-Fahrt die ist Sch\u00f6n! \ud83c\udfbc&nbsp;<\/p>\n<p>Nat\u00fcrlich wurde alles in der APP &#8222;Beer with me&#8220; protokolliert, und so war unser Fahrweg auch sch\u00f6n f\u00fcr unsere Freunde und bekannten nachvollziehbar&#8230;<\/p>\n<p><img data-recalc-dims=\"1\" decoding=\"async\" id=\"fancybox-img\" alt=\"\" src=\"https:\/\/i0.wp.com\/chlueppliseck.ch\/wordpress\/wp-content\/gallery\/sion-2020\/IMG-20200221-WA0035-Bearbeitet.png?w=644&#038;ssl=1\"><\/p>\n<p>Nat\u00fcrlich legten wir auf der Car-Fahrt auch eine kleine Pause ein, und nutzen die Zeit f\u00fcr ein kleines Gruppenfoto..<\/p>\n<p><img data-recalc-dims=\"1\" decoding=\"async\" id=\"fancybox-img\" alt=\"\" src=\"https:\/\/i0.wp.com\/chlueppliseck.ch\/wordpress\/wp-content\/gallery\/sion-2020\/IMG_20200221_160955.png?w=644&#038;ssl=1\"><\/p>\n<p>In Sion angekommen, bezogen wir unser Hotel bzw. einige die gem\u00fctliche Turnhallenunterkunft&#8230;<\/p>\n<p>Die Zimmer im Hotel waren vorher schon zugeordnet worden, leider hatte sich ein Klitze-Kleiner Fehler eingeschlichen, und unser SchuSchu war pl\u00f6tzlich der Lebensgef\u00e4hrte von Fr. Frauenfelder. &#8211; Also Hr. Schuschu Frauenfelder von nun an! Geburtstag und einen neuen Lebensgef\u00e4hrten&#8230; Das l\u00e4uft Rund f\u00fcr Fr. Frauenfelder&#8230;<\/p>\n<p><a class=\"sc-TOsTZ kmzIGG\" href=\"https:\/\/giphy.com\/gifs\/boomerangtoons-tom-and-jerry-cat-5dUllWbKVlaqmMTvHb\"><img data-recalc-dims=\"1\" loading=\"lazy\" decoding=\"async\" width=\"248\" height=\"181\" class=\"sc-gisBJw eHRspB aligncenter\" alt=\"valentines day love GIF by Boomerang Official\" src=\"https:\/\/i0.wp.com\/media2.giphy.com\/media\/5dUllWbKVlaqmMTvHb\/200.webp?resize=248%2C181&#038;ssl=1\"><\/a><\/p>\n<p>So nun wieder zur\u00fcck zum Guggenleben, nach dem Bezug ging es gleich auf zum &#8222;<em>Cort\u00e8ge de nuit<\/em>&#8220; &#8211; zusammen mit unserem Guide \/ (Guide-in?)\u2026 Egal einfachheitshalber nennen wir Sie einfach liebevoll unseren Feldweibel \ud83d\ude1c<\/p>\n<p>Wir hatten Sie gleich in unser Herz geschlossen, denn wie Sie so sind unsere &#8222;Welschen&#8220; Kollegen, wollen oder k\u00f6nnen Sie kein Deutsch, kein Englisch. Nur die Sprache der Liebe &#8211; Franz\u00f6sisch!<\/p>\n<p>Wie ein Maschinengewehr redete Sie also auf uns ein&#8230; Keinen blassen Schimmer was Sie wollte.<\/p>\n<p>Zum &#8222;Gl\u00fcck&#8220; konnte unser SchuSchu wenigsten ein bisschen Franz\u00f6sisch, und so konnten wir dann in das Wochenende starten&#8230;<\/p>\n<p>Also zusammen mit unserem &#8222;Feldi&#8220; ging es nun fix zum Nachtumzug. Dort angekommen warteten wir uns dann die F\u00fcsse Wund, weil unser &#8222;Feldi&#8220; einen riesen Stress hatte &#8211; Tut&#8217;s jui\u2026 Hopp Hopp\u2026<\/p>\n<p><img data-recalc-dims=\"1\" decoding=\"async\" id=\"fancybox-img\" alt=\"\" src=\"https:\/\/i0.wp.com\/chlueppliseck.ch\/wordpress\/wp-content\/gallery\/sion-2020\/87518056_2525735617701677_1547141571860758528_o.png?w=644&#038;ssl=1\"><\/p>\n<p><img data-recalc-dims=\"1\" decoding=\"async\" id=\"fancybox-img\" alt=\"\" src=\"https:\/\/i0.wp.com\/chlueppliseck.ch\/wordpress\/wp-content\/gallery\/sion-2020\/87987868_2525735224368383_8965004718636007424_o.png?w=644&#038;ssl=1\"><\/p>\n<p>Den Nachtumzug meisterten wir mit ein paar kleinen Startschwierigkeiten*\u2026 G\u00e4ll Ste \ud83d\ude1d &#8211; So befl\u00fcgelt von unserem Hit &#8222;XXX on Fire&#8220;, machte er an diesem Abend die Version &#8230;<\/p>\n<p>Dank versp\u00e4tet eingetroffener Verst\u00e4rkung konnten wir den Umzug aber doch noch mit Erfolg beenden&#8230;&nbsp;<\/p>\n<p>Normalerweise w\u00e4re ja jetzt noch 1 oder 2 Auftritte auf dem Plan, aber NICHT in Sion! NEIN! Hier hat man nach dem Umzug noch 5 Auftritte vor sich&#8230;<\/p>\n<p>Nat\u00fcrlich waren wir dieser Herausforderung gewappnet, und spielten frisch und fr\u00f6hlich den ganzen Abend auf&#8230;<\/p>\n<p>Wir hatten auch das eine oder andere Kompliment bekommen&#8230; Doch eines war ein bisschen speziell&#8230;. Einer der G\u00e4ste hat uns lauthals zugejubelt er versuchte es in Deutsch, scheiterte jedoch gaaaaannnz knapp&#8230;<\/p>\n<p>Im ersten Moment haben wir es nicht verstanden, doch nach der 5. Wiederholung konnten wir es identifizieren&#8230;<\/p>\n<p>Er wollte sagen wir seien Ausgezeichnet!<\/p>\n<p>Mit seinem Dialekt und leichtem Alkoholeinfluss kam aber ein *Ausgescheissnet* bei uns an\u2026 Von da an haben wir diesen Begriff liebgewonnen, und nutzen Ihn das ganze Weekend und dar\u00fcber hinaus als Trink und Anfeuerungsspruch&#8230;<\/p>\n<p>Wie sind wir? &#8211; Ausgescheissnet!<\/p>\n<p>Eine kurze Nacht stand bevor&#8230;<\/p>\n<p><a class=\"sc-TOsTZ kmzIGG\" href=\"https:\/\/giphy.com\/gifs\/tired-sleep-sleepy-hnnjpuPHxEzGo\"><img data-recalc-dims=\"1\" loading=\"lazy\" decoding=\"async\" width=\"248\" height=\"138\" class=\"sc-gisBJw eHRspB aligncenter\" alt=\"tired pink panther GIF\" src=\"https:\/\/i0.wp.com\/media3.giphy.com\/media\/hnnjpuPHxEzGo\/200.webp?resize=248%2C138&#038;ssl=1\"><\/a><\/p>\n<p>Am Samstag morgen starteten wir in aller Frische in den neuen Tag!<\/p>\n<p>Er\u00f6ffnungsauftritt auf der Hauptb\u00fchne bei strahlen blauem Himmel und wohlig warmen Temperaturen. Herrlich! Und mit jedem gespielten St\u00fcck wurden es mehr und mehr Leute auf dem Platz, war es doch am Anfang doch ein bisschen &#8222;leer&#8220;&#8230;<\/p>\n<p>Nach ein paar weiteren Auftritten, ging es dann langsam zum &#8222;<em>Grande Cort\u00e8ge<\/em>&#8220; noch in Erinnerungen schwelgend, wussten wir was uns Konfetti Technisch erwartet&#8230; Kn\u00f6cheltief laufend wie auf Wolke 7 durch den Konfettiregen, und bei jedem Atemzug wurde mindestens eine handvoll davon eingeatmet! *K\u00f6stlich* \ud83c\udf89 \ud83c\udf89 \ud83c\udf89<\/p>\n<p><img data-recalc-dims=\"1\" decoding=\"async\" id=\"fancybox-img\" alt=\"\" src=\"https:\/\/i0.wp.com\/chlueppliseck.ch\/wordpress\/wp-content\/gallery\/sion-2020\/chat-1-sur-1.png?w=644&#038;ssl=1\"><\/p>\n<p><img data-recalc-dims=\"1\" decoding=\"async\" id=\"fancybox-img\" alt=\"\" src=\"https:\/\/i0.wp.com\/chlueppliseck.ch\/wordpress\/wp-content\/gallery\/sion-2020\/tigre-1-sur-1.png?w=644&#038;ssl=1\"><\/p>\n<p><img data-recalc-dims=\"1\" decoding=\"async\" id=\"fancybox-img\" alt=\"\" src=\"https:\/\/i0.wp.com\/chlueppliseck.ch\/wordpress\/wp-content\/gallery\/sion-2020\/IMG-20200222-WA0030.png?w=644&#038;ssl=1\"><\/p>\n<p>Nach dem Umzug folgten dann wieder eine &#8222;Handvoll&#8220; Auftritte&#8230; Alles lief wie am schn\u00fcrchen\u2026 Bis unser Feldi uns dann mit einer unfreiwilligen &#8222;Tour de Sion&#8220; begl\u00fcckte&#8230; Zuerst dachten wir Sie kenne sich selbst nicht wirklich aus, denn der Auftrittsort auf unserem Plan war bereits Streckentechnisch hinter uns&#8230;<\/p>\n<p>Unsere liebe Pasci &#8222;Pink-Lady&#8220; wies uns mit Ihrer ruhigen Stimme sehr dezent auf diesem Umstand hin.&nbsp;<\/p>\n<p>Wir mussten dann aber feststellen, das der Auftrittsplan von unserem Feldi nicht ganz dem Auftrittsplan von uns \u00fcbereinstimmte. Also ein Auftritt ausgelassen, und dann wieder zur\u00fcck in den Plan gekommen.&nbsp;<\/p>\n<p>Nach vielen weiteren Auftritten, und zufriedenen Zuh\u00f6rern, war dann der Abend schnell vorbei&#8230;<\/p>\n<p>Wir waren am &#8222;Arsch&#8220;! Lippen am Arsch! R\u00fccken am Arsch! Blasen und Wunden im Mund, Schwielen an den H\u00e4nden&#8230; Doch eigentlich w\u00e4ren da noch 3 weitere Auftritte auf unserem Programm. Nach kurzen Absprache mit unserem Feldi,&nbsp; <sub>(Danke an dieser Stelle nochmals an unsere Michelle die mit Ihrem perfekten Franz\u00f6sisch das kuderwelsch unseres Feldi in eine f\u00fcr mich verst\u00e4ndliche Sprache \u00fcbersetzt hat)<\/sub> durften wir dann ein bisschen fr\u00fcher Pause einl\u00e4uten, und doch noch das ein oder andere Bier gem\u00fctlich geniessen.<\/p>\n<p>Einige Chl\u00fcpplis liessen sich dann aber doch nicht vom laut rufenden Bett locken, und trotzten noch ein bisschen der Ruhe und feierten in den sp\u00e4ten Abend\/Morgen hinein.&nbsp;<\/p>\n<p>Zeit f\u00fcrs Bett&#8230;<\/p>\n<p><a class=\"sc-TOsTZ kmzIGG\" href=\"https:\/\/giphy.com\/gifs\/sleep-nap-queen-10jniOyQtffjbO\"><img data-recalc-dims=\"1\" loading=\"lazy\" decoding=\"async\" width=\"248\" height=\"150\" class=\"sc-gisBJw eHRspB aligncenter\" alt=\"tired jet lag GIF\" src=\"https:\/\/i0.wp.com\/media3.giphy.com\/media\/10jniOyQtffjbO\/200.webp?resize=248%2C150&#038;ssl=1\"><\/a><\/p>\n<p>Und bereits war der Sonntag an der Reihe&#8230; Der ruhigste Tag auf unserem Programm! Der aber wieder verdammt fr\u00fch startete&#8230;&nbsp;<\/p>\n<p>Wenn man in die Runde schaute, dann sah es etwa so aus:<\/p>\n<p><a class=\"sc-TOsTZ kmzIGG\" href=\"https:\/\/giphy.com\/gifs\/family-guy-fox-family-guy-foxtv-3o6ZtaiPZNzrmRQ6YM\"><img data-recalc-dims=\"1\" loading=\"lazy\" decoding=\"async\" width=\"248\" height=\"186\" class=\"sc-gisBJw eHRspB aligncenter\" alt=\"tired stewie griffin GIF by Family Guy\" src=\"https:\/\/i0.wp.com\/media2.giphy.com\/media\/3o6ZtaiPZNzrmRQ6YM\/200.webp?resize=248%2C186&#038;ssl=1\"><\/a><\/p>\n<p>Doch wir rappelten uns zusammen und nahmen nochmals alle Energie mit, um die Leute mit unserem Spiel zu begeistern&#8230; Und den letzten Umzug &#8222;<em>Cort\u00e8ge Cheveux<\/em>&#8220; zu absolvieren&#8230;<\/p>\n<p>Ganz speziell war die Situation vor dem Umzug, da es ja ein Umzug mit Pferden war, waren alle Gugger angehalten, keinen Ton vor dem Umzug zu spielen. Eine gespenstische Stille, etwas ganz besonderes bei so vielen Guggern! Das zeigt Disziplin!<\/p>\n<p><img data-recalc-dims=\"1\" decoding=\"async\" id=\"fancybox-img\" alt=\"\" src=\"https:\/\/i0.wp.com\/chlueppliseck.ch\/wordpress\/wp-content\/gallery\/sion-2020\/IMG-20200222-WA0037.png?w=644&#038;ssl=1\"><\/p>\n<p>Nach weiteren Auftritten, waren wir dann froh endlich ins Hotel zur\u00fcckzukehren, und uns langsam auf den Heimweg zu machen&#8230;<\/p>\n<p>Doch zur\u00fcck im Hotel, gabs wohl ein kleinen Verst\u00e4ndigungsproblem, denn die Hotel-Angestellte war ein bisschen Sauer weil wir anscheinen zu Sp\u00e4t zur\u00fcckgekommen sind und Sie auf uns warten musste. Sorry&#8230;<\/p>\n<p>Sah im \u00fcbrigen etwa so aus:<\/p>\n<p><a class=\"sc-TOsTZ kmzIGG\" href=\"https:\/\/giphy.com\/gifs\/angry-what-furious-LYmoqRnacssMg\"><img data-recalc-dims=\"1\" loading=\"lazy\" decoding=\"async\" width=\"248\" height=\"185\" class=\"sc-gisBJw eHRspB aligncenter\" alt=\"angry head turn GIF\" src=\"https:\/\/i0.wp.com\/media3.giphy.com\/media\/LYmoqRnacssMg\/giphy.webp?resize=248%2C185&#038;ssl=1\"><\/a><\/p>\n<p>Im Car war dann grosses Schlafen angesagt, keine Party nix&#8230; Einfach nur relaxen&#8230; Waren wir doch alle ziemlich geschafft vom ganzen Wochenende.<\/p>\n<p>Ganzen Wochenende? Naja, das stimmt ja so nicht ganz, denn am Montag Abend ging die Party weiter&#8230;&nbsp;<\/p>\n<p>Nicht mehr in Sion, sondern in Bassersdorf! Also zur\u00fcck zuhause in unmittelbarer Nachbarschaft&#8230;<\/p>\n<p>Der Nachtumzug in Bassersdorf ist immer etwas ganz spezielles, finden doch nicht so viele Umz\u00fcge in der Dunkelheit statt&#8230;&nbsp;<\/p>\n<p>Wir spielten am Umzug wieder frisch auf, so als ob es kein Marathon Wochenende vorher gegeben h\u00e4tte! So muss das sein&#8230;<\/p>\n<p><\/p>\n<p><\/p>\n<p>Nach dem Umzug und dem spielen vor der B\u00fchne, hatten wir noch 2 weitere Auftritte auf dem Plan, einmal im Feuerwehrzelt und einmal im R\u00fctlipub\u2026<\/p>\n<p>Der Auftritt beim Feuerwehrzelt war richtig cool! Ein grosser Haufen Zuh\u00f6rer, welche dann auch sch\u00f6n mit der Musik mitfeierten und uns animierten&#8230; So macht spielen Spass!<\/p>\n<p>Auch der Auftritt im R\u00fctli geh\u00f6rt nat\u00fcrlich f\u00fcr uns dazu&#8230; Klein aber Fein, dachten sich wohl auch die Organisatoren, denn wir sind wohl die einzige Gugge die ins R\u00fctli hineinpasst \ud83d\ude02<\/p>\n<p><img data-recalc-dims=\"1\" decoding=\"async\" id=\"fancybox-img\" alt=\"\" src=\"https:\/\/i0.wp.com\/chlueppliseck.ch\/wordpress\/wp-content\/gallery\/nachtumzug-bassersdorf-2020\/IMG-20200224-WA0005.png?w=644&#038;ssl=1\">%MCEPASTEBIN%<\/p>\n<p>Dort gab es dann Suppe und Getr\u00e4nke f\u00fcr uns&#8230; Vielen vielen Dank daf\u00fcr @R\u00fctlipub Team&#8230;<\/p>\n<p>Wir feierten dann nat\u00fcrlich noch ein bisschen in den Abend hinein, es soll ja schliesslich immer irgendwo noch ein Chl\u00fcppli sein wenn die Bar&#8217;s am morgen zugehen \ud83d\ude0b<\/p>\n<p>So long und bis zum n\u00e4chsten Weekend&#8230;<\/p>\n<p>Eure Chl\u00fcpplis\u2026<\/p>\n<p style=\"text-align: center;\"><strong>PS: <a href=\"http:\/\/chlueppliseck.ch\/foto-galerie\/fotos-aktuelle-saison\/\">Foto (Galerie)<\/a> f\u00fcr mehr Bilder&#8230; (Werden laufend erg\u00e4nzt!)<\/strong><\/p>\n","protected":false},"excerpt":{"rendered":"<p>Wuhhhuuuu Grosses Weeekeeeennnd!!! Alle freuen sich wie die bekloppten auf dieses Wochenende&#8230; Am Freitag Nachmittag war es dann endlich soweit, aufbruch nach Sion VS. Wir versammelten uns um 14:00 Uhr im Stall in Kloten, von wo wir mit dem Kleinbus nach Sion reisen&#8230; Das wird richtig kuschelig \ud83d\ude18 Doch gleich zum Start die erste \u00dcberraschung&#8230;&#8230;<\/p>\n","protected":false},"author":50,"featured_media":0,"comment_status":"open","ping_status":"open","sticky":false,"template":"","format":"standard","meta":{"ngg_post_thumbnail":0,"_jetpack_memberships_contains_paid_content":false,"footnotes":""},"categories":[1],"tags":[],"class_list":["post-11742","post","type-post","status-publish","format-standard","hentry","category-uncategorized"],"jetpack_featured_media_url":"","jetpack_sharing_enabled":true,"_links":{"self":[{"href":"https:\/\/chlueppliseck.ch\/wordpress\/wp-json\/wp\/v2\/posts\/11742","targetHints":{"allow":["GET"]}}],"collection":[{"href":"https:\/\/chlueppliseck.ch\/wordpress\/wp-json\/wp\/v2\/posts"}],"about":[{"href":"https:\/\/chlueppliseck.ch\/wordpress\/wp-json\/wp\/v2\/types\/post"}],"author":[{"embeddable":true,"href":"https:\/\/chlueppliseck.ch\/wordpress\/wp-json\/wp\/v2\/users\/50"}],"replies":[{"embeddable":true,"href":"https:\/\/chlueppliseck.ch\/wordpress\/wp-json\/wp\/v2\/comments?post=11742"}],"version-history":[{"count":26,"href":"https:\/\/chlueppliseck.ch\/wordpress\/wp-json\/wp\/v2\/posts\/11742\/revisions"}],"predecessor-version":[{"id":13271,"href":"https:\/\/chlueppliseck.ch\/wordpress\/wp-json\/wp\/v2\/posts\/11742\/revisions\/13271"}],"wp:attachment":[{"href":"https:\/\/chlueppliseck.ch\/wordpress\/wp-json\/wp\/v2\/media?parent=11742"}],"wp:term":[{"taxonomy":"category","embeddable":true,"href":"https:\/\/chlueppliseck.ch\/wordpress\/wp-json\/wp\/v2\/categories?post=11742"},{"taxonomy":"post_tag","embeddable":true,"href":"https:\/\/chlueppliseck.ch\/wordpress\/wp-json\/wp\/v2\/tags?post=11742"}],"curies":[{"name":"wp","href":"https:\/\/api.w.org\/{rel}","templated":true}]}}